{"id":33993,"date":"2026-05-10T05:19:03","date_gmt":"2026-05-10T12:19:03","guid":{"rendered":"https:\/\/www.iam140.ca\/?p=33993"},"modified":"2026-05-10T05:20:32","modified_gmt":"2026-05-10T12:20:32","slug":"nouvelle-mise-a-jour-iam-x-air-canada-la-conciliation-a-officiellement-debute-cette-semaine","status":"publish","type":"post","link":"https:\/\/www.iam140.ca\/?p=33993&lang=fr","title":{"rendered":"Nouvelle mise \u00e0 jour IAM x Air Canada &#8211; La conciliation a officiellement d\u00e9but\u00e9 cette semaine"},"content":{"rendered":"\n<p class=\"wp-block-paragraph\">La conciliation a officiellement d\u00e9but\u00e9 cette semaine<\/p>\n\n\n\n<p class=\"wp-block-paragraph\">Cliquez pour regarder la mise \u00e0 jour compl\u00e8te et obtenir les derni\u00e8res informations sur les n\u00e9gociations, le processus de conciliation et l\u2019appel urgent \u00e0 l\u2019action concernant la p\u00e9tition de l\u2019article 107.<\/p>\n\n\n\n<p class=\"wp-block-paragraph\">La solidarit\u00e9 demeure plus importante que jamais. <\/p>\n\n\n\n<p class=\"wp-block-paragraph\">Regardez la vid\u00e9o de mise \u00e0 jour ici: <a href=\"https:\/\/www.youtube.com\/watch?v=gTHK9KrLBGc&amp;fbclid=IwZXh0bgNhZW0CMTAAYnJpZBEyQ1lRcXl0MkhVZEpvVm5YbXNydGMGYXBwX2lkEDIyMjAzOTE3ODgyMDA4OTIAAR4D0Ix6XQLImqGco1QMeJ8v4j3V1MlIg5-Gj2_JYCYkxU87LoEXcGU3CMeLQQ_aem_OszaTdZjozwJmXrobT8Png\" rel=\"noreferrer noopener\" target=\"_blank\">https:\/\/www.youtube.com\/watch?v=gTHK9KrLBGc<\/a><\/p>\n\n\n\n<p class=\"wp-block-paragraph\"><img loading=\"lazy\" decoding=\"async\" height=\"16\" width=\"16\" src=\"https:\/\/static.xx.fbcdn.net\/images\/emoji.php\/v9\/te2\/1\/16\/270d.png\" alt=\"&#x270d;&#xfe0f;\">Envoyer une lettre au gouvernement : cela ne prend qu\u2019une minute. Elle demande la fin de l\u2019utilisation abusive de l\u2019article 107 du Code canadien du travail, qui sert \u00e0 intervenir dans un processus de n\u00e9gociation libre et \u00e9quitable. Cette utilisation mine votre droit de gr\u00e8ve et affaiblit les protections constitutionnelles des travailleurs et travailleuses, tout en favorisant les employeurs: <a href=\"https:\/\/actionnetwork.org\/letters\/section-107-la-negociation-equitable-menacee?source=direct_link&amp;fbclid=IwY2xjawRi0adleHRuA2FlbQIxMABicmlkETJaaGFtRlFWaU9pUjY5ZWVwc3J0YwZhcHBfaWQQMjIyMDM5MTc4ODIwMDg5MgABHltr3kS63yqCgVcSUMS6j7OFeSijF6Cuf_6t9BT9KLOCw0ceS35y1LfgmrrV_aem_fnBwRChjUEff1_Sx7WiQRw\">https:\/\/actionnetwork.org\/letters\/section-107-la-negociation-equitable-menacee?source=direct_link&amp;fbclid=IwY2xjawRi0adleHRuA2FlbQIxMABicmlkETJaaGFtRlFWaU9pUjY5ZWVwc3J0YwZhcHBfaWQQMjIyMDM5MTc4ODIwMDg5MgABHltr3kS63yqCgVcSUMS6j7OFeSijF6Cuf_6t9BT9KLOCw0ceS35y1LfgmrrV_aem_fnBwRChjUEff1_Sx7WiQRw<\/a><\/p>\n","protected":false},"excerpt":{"rendered":"<p>La conciliation a officiellement d\u00e9but\u00e9 cette semaine Cliquez pour regarder la mise \u00e0 jour compl\u00e8te et obtenir les derni\u00e8res informations sur les n\u00e9gociations, le processus de conciliation et l\u2019appel urgent \u00e0 l\u2019action concernant la p\u00e9tition de l\u2019article 107. La solidarit\u00e9 demeure plus importante que jamais. Regardez la vid\u00e9o de mise \u00e0 jour ici: https:\/\/www.youtube.com\/watch?v=gTHK9KrLBGc Envoyer [&hellip;]<\/p>\n","protected":false},"author":7,"featured_media":33956,"comment_status":"closed","ping_status":"closed","sticky":false,"template":"","format":"standard","meta":{"iawp_total_views":190,"footnotes":""},"categories":[10],"tags":[3008,3010,1499,3007,1588,3009],"class_list":["post-33993","post","type-post","status-publish","format-standard","has-post-thumbnail","hentry","category-nouvelles","tag-aircanada","tag-canada","tag-d140","tag-iam","tag-syndicat","tag-travail","post-with-thumbnail","post-with-thumbnail-large"],"_links":{"self":[{"href":"https:\/\/www.iam140.ca\/index.php?rest_route=\/wp\/v2\/posts\/33993","targetHints":{"allow":["GET"]}}],"collection":[{"href":"https:\/\/www.iam140.ca\/index.php?rest_route=\/wp\/v2\/posts"}],"about":[{"href":"https:\/\/www.iam140.ca\/index.php?rest_route=\/wp\/v2\/types\/post"}],"author":[{"embeddable":true,"href":"https:\/\/www.iam140.ca\/index.php?rest_route=\/wp\/v2\/users\/7"}],"replies":[{"embeddable":true,"href":"https:\/\/www.iam140.ca\/index.php?rest_route=%2Fwp%2Fv2%2Fcomments&post=33993"}],"version-history":[{"count":2,"href":"https:\/\/www.iam140.ca\/index.php?rest_route=\/wp\/v2\/posts\/33993\/revisions"}],"predecessor-version":[{"id":33996,"href":"https:\/\/www.iam140.ca\/index.php?rest_route=\/wp\/v2\/posts\/33993\/revisions\/33996"}],"wp:featuredmedia":[{"embeddable":true,"href":"https:\/\/www.iam140.ca\/index.php?rest_route=\/wp\/v2\/media\/33956"}],"wp:attachment":[{"href":"https:\/\/www.iam140.ca\/index.php?rest_route=%2Fwp%2Fv2%2Fmedia&parent=33993"}],"wp:term":[{"taxonomy":"category","embeddable":true,"href":"https:\/\/www.iam140.ca\/index.php?rest_route=%2Fwp%2Fv2%2Fcategories&post=33993"},{"taxonomy":"post_tag","embeddable":true,"href":"https:\/\/www.iam140.ca\/index.php?rest_route=%2Fwp%2Fv2%2Ftags&post=33993"}],"curies":[{"name":"wp","href":"https:\/\/api.w.org\/{rel}","templated":true}]}}