{"id":33541,"date":"2026-03-11T17:16:38","date_gmt":"2026-03-12T00:16:38","guid":{"rendered":"https:\/\/www.iam140.ca\/?p=33541"},"modified":"2026-03-11T17:17:41","modified_gmt":"2026-03-12T00:17:41","slug":"district-des-transports-140-la-section-locale-2323-sest-reunie-pour-celebrer-le-mois-de-lhistoire-des-noirs-de-maniere-marquante-et-inspirante","status":"publish","type":"post","link":"https:\/\/www.iam140.ca\/?p=33541&lang=fr","title":{"rendered":"DISTRICT DES TRANSPORTS 140 \u2013\u00a0La section locale 2323 s\u2019est r\u00e9unie pour c\u00e9l\u00e9brer le Mois de l\u2019histoire des Noirs de mani\u00e8re marquante et inspirante"},"content":{"rendered":"\n<p>Un grand merci aux organisateurs pour leur d\u00e9vouement et leur travail acharn\u00e9, ainsi qu\u2019\u00e0 tous les membres qui se sont d\u00e9plac\u00e9s pour soutenir et c\u00e9l\u00e9brer.<\/p>\n\n\n\n<p>Notre force r\u00e9side dans notre unit\u00e9.<\/p>\n","protected":false},"excerpt":{"rendered":"<p>Un grand merci aux organisateurs pour leur d\u00e9vouement et leur travail acharn\u00e9, ainsi qu\u2019\u00e0 tous les membres qui se sont d\u00e9plac\u00e9s pour soutenir et c\u00e9l\u00e9brer. Notre force r\u00e9side dans notre unit\u00e9.<\/p>\n","protected":false},"author":7,"featured_media":33542,"comment_status":"closed","ping_status":"closed","sticky":false,"template":"","format":"standard","meta":{"footnotes":""},"categories":[10],"tags":[3010,1499,3007,3028,1588,3009],"class_list":{"0":"post-33541","1":"post","2":"type-post","3":"status-publish","4":"format-standard","5":"has-post-thumbnail","6":"hentry","7":"category-nouvelles","8":"tag-canada","9":"tag-d140","10":"tag-iam","11":"tag-l2323","12":"tag-syndicat","13":"tag-travail","15":"post-with-thumbnail","16":"post-with-thumbnail-large"},"_links":{"self":[{"href":"https:\/\/www.iam140.ca\/index.php?rest_route=\/wp\/v2\/posts\/33541","targetHints":{"allow":["GET"]}}],"collection":[{"href":"https:\/\/www.iam140.ca\/index.php?rest_route=\/wp\/v2\/posts"}],"about":[{"href":"https:\/\/www.iam140.ca\/index.php?rest_route=\/wp\/v2\/types\/post"}],"author":[{"embeddable":true,"href":"https:\/\/www.iam140.ca\/index.php?rest_route=\/wp\/v2\/users\/7"}],"replies":[{"embeddable":true,"href":"https:\/\/www.iam140.ca\/index.php?rest_route=%2Fwp%2Fv2%2Fcomments&post=33541"}],"version-history":[{"count":1,"href":"https:\/\/www.iam140.ca\/index.php?rest_route=\/wp\/v2\/posts\/33541\/revisions"}],"predecessor-version":[{"id":33544,"href":"https:\/\/www.iam140.ca\/index.php?rest_route=\/wp\/v2\/posts\/33541\/revisions\/33544"}],"wp:featuredmedia":[{"embeddable":true,"href":"https:\/\/www.iam140.ca\/index.php?rest_route=\/wp\/v2\/media\/33542"}],"wp:attachment":[{"href":"https:\/\/www.iam140.ca\/index.php?rest_route=%2Fwp%2Fv2%2Fmedia&parent=33541"}],"wp:term":[{"taxonomy":"category","embeddable":true,"href":"https:\/\/www.iam140.ca\/index.php?rest_route=%2Fwp%2Fv2%2Fcategories&post=33541"},{"taxonomy":"post_tag","embeddable":true,"href":"https:\/\/www.iam140.ca\/index.php?rest_route=%2Fwp%2Fv2%2Ftags&post=33541"}],"curies":[{"name":"wp","href":"https:\/\/api.w.org\/{rel}","templated":true}]}}