{"id":33529,"date":"2026-03-10T14:58:40","date_gmt":"2026-03-10T21:58:40","guid":{"rendered":"https:\/\/www.iam140.ca\/?p=33529"},"modified":"2026-03-10T15:01:06","modified_gmt":"2026-03-10T22:01:06","slug":"iam-canada-des-delegues-forts-pour-un-syndicat-solide","status":"publish","type":"post","link":"https:\/\/www.iam140.ca\/?p=33529&lang=fr","title":{"rendered":"DISTRICT DES TRANSPORTS 140 \u2013 Des d\u00e9l\u00e9gu\u00e9s forts pour un syndicat solide"},"content":{"rendered":"\n<p>Aujourd\u2019hui, la section locale 2413 a organis\u00e9 une formation de base pour les d\u00e9l\u00e9gu\u00e9s chez Field Aviation, afin de renforcer leurs comp\u00e9tences et capacit\u00e9s \u00e0 d\u00e9fendre les membres. La formation a \u00e9t\u00e9 anim\u00e9e par le repr\u00e9sentant international Derek Ferguson, qui a partag\u00e9 son expertise et ses conseils avec le groupe.<\/p>\n\n\n\n<p>Le r\u00f4le du d\u00e9l\u00e9gu\u00e9 est le pilier de notre syndicat, et l\u2019\u00e9nergie et l\u2019engagement dans la salle ont prouv\u00e9 une chose : un d\u00e9vouement comme celui-ci maintient la force de l\u2019IAM.<\/p>\n","protected":false},"excerpt":{"rendered":"<p>Aujourd\u2019hui, la section locale 2413 a organis\u00e9 une formation de base pour les d\u00e9l\u00e9gu\u00e9s chez Field Aviation, afin de renforcer leurs comp\u00e9tences et capacit\u00e9s \u00e0 d\u00e9fendre les membres. La formation a \u00e9t\u00e9 anim\u00e9e par le repr\u00e9sentant international Derek Ferguson, qui a partag\u00e9 son expertise et ses conseils avec le groupe. Le r\u00f4le du d\u00e9l\u00e9gu\u00e9 est [&hellip;]<\/p>\n","protected":false},"author":7,"featured_media":33530,"comment_status":"closed","ping_status":"closed","sticky":false,"template":"","format":"standard","meta":{"footnotes":""},"categories":[10],"tags":[3007,1588,3009],"class_list":{"0":"post-33529","1":"post","2":"type-post","3":"status-publish","4":"format-standard","5":"has-post-thumbnail","6":"hentry","7":"category-nouvelles","8":"tag-iam","9":"tag-syndicat","10":"tag-travail","12":"post-with-thumbnail","13":"post-with-thumbnail-large"},"_links":{"self":[{"href":"https:\/\/www.iam140.ca\/index.php?rest_route=\/wp\/v2\/posts\/33529","targetHints":{"allow":["GET"]}}],"collection":[{"href":"https:\/\/www.iam140.ca\/index.php?rest_route=\/wp\/v2\/posts"}],"about":[{"href":"https:\/\/www.iam140.ca\/index.php?rest_route=\/wp\/v2\/types\/post"}],"author":[{"embeddable":true,"href":"https:\/\/www.iam140.ca\/index.php?rest_route=\/wp\/v2\/users\/7"}],"replies":[{"embeddable":true,"href":"https:\/\/www.iam140.ca\/index.php?rest_route=%2Fwp%2Fv2%2Fcomments&post=33529"}],"version-history":[{"count":3,"href":"https:\/\/www.iam140.ca\/index.php?rest_route=\/wp\/v2\/posts\/33529\/revisions"}],"predecessor-version":[{"id":33535,"href":"https:\/\/www.iam140.ca\/index.php?rest_route=\/wp\/v2\/posts\/33529\/revisions\/33535"}],"wp:featuredmedia":[{"embeddable":true,"href":"https:\/\/www.iam140.ca\/index.php?rest_route=\/wp\/v2\/media\/33530"}],"wp:attachment":[{"href":"https:\/\/www.iam140.ca\/index.php?rest_route=%2Fwp%2Fv2%2Fmedia&parent=33529"}],"wp:term":[{"taxonomy":"category","embeddable":true,"href":"https:\/\/www.iam140.ca\/index.php?rest_route=%2Fwp%2Fv2%2Fcategories&post=33529"},{"taxonomy":"post_tag","embeddable":true,"href":"https:\/\/www.iam140.ca\/index.php?rest_route=%2Fwp%2Fv2%2Ftags&post=33529"}],"curies":[{"name":"wp","href":"https:\/\/api.w.org\/{rel}","templated":true}]}}