{"id":3335,"date":"2017-04-19T22:30:32","date_gmt":"2017-04-20T05:30:32","guid":{"rendered":"http:\/\/district140.iamaw.ca\/?p=3335"},"modified":"2017-04-19T22:43:35","modified_gmt":"2017-04-20T02:43:35","slug":"signer-notre-petition-iam-encore-determine-a-sopposer-a-la-privatisation-des-aeroports-canadiens","status":"publish","type":"post","link":"https:\/\/www.iam140.ca\/?p=3335&lang=fr","title":{"rendered":"SIGNER NOTRE PETITION &#8211; IAM encore d\u00e9termin\u00e9 \u00e0 s&#8217;opposer \u00e0 la privatisation des a\u00e9roports canadiens"},"content":{"rendered":"<p><span lang=\"fr\">La p\u00e9tition a \u00e9t\u00e9 \u00e9labor\u00e9e par l&#8217;IAM qui nous aidera \u00e0 envoyer un message fort \u00e0 notre gouvernement qui envisage de privatiser la plupart des a\u00e9roports de notre pays. <\/span><\/p>\n<p><span lang=\"fr\">Depuis que le rapport Emerson a \u00e9t\u00e9 publi\u00e9 par le gouvernement f\u00e9d\u00e9ral en juin 2016, l&#8217;IAM a \u00e9t\u00e9 tr\u00e8s clair dans notre opposition \u00e0 la privatisation des a\u00e9roports canadiens et a fourni un document de position au gouvernement qui peut \u00eatre lu sur notre site Web. <a href=\"http:\/\/district140.iamaw.ca\/wp-content\/uploads\/2017\/04\/untitled.png\"><img loading=\"lazy\" decoding=\"async\" class=\"size-full wp-image-3337 alignleft\" src=\"http:\/\/district140.iamaw.ca\/wp-content\/uploads\/2017\/04\/untitled.png\" alt=\"\" width=\"250\" height=\"125\" \/><\/a><\/span><\/p>\n<p><span lang=\"fr\">De nombreux articles ont \u00e9t\u00e9 \u00e9crits sur les points de vue des a\u00e9roports canadiens sur la privatisation et la plupart semblent s&#8217;opposer \u00e0 la privatisation compl\u00e8te pour diverses raisons. L&#8217;a\u00e9roport Pearson de Toronto, le plus grand a\u00e9roport du Canada, avait silencieux sur leur position jusqu&#8217;\u00e0 ce que l&#8217;article de Toronto Star apparaisse. Le rapport confidentiel de la GTAA au gouvernement a finalement r\u00e9v\u00e9l\u00e9 son int\u00e9r\u00eat pour une privatisation limit\u00e9e, mais avec des liens attach\u00e9s<\/span>.<\/p>\n<p><span lang=\"fr\">Les pr\u00e9occupations soulev\u00e9es par l&#8217;IAM, les parties prenantes, y compris la majorit\u00e9 des autorit\u00e9s a\u00e9roportuaires et les grandes compagnies a\u00e9riennes canadiennes, ont tous un terrain d&#8217;entente.<\/span><\/p>\n<div class=\"_Ejb\">\n<div id=\"tw-target\">\n<div id=\"tw-target-text-container\" class=\"tw-ta-container tw-nfl\">\n<pre class=\"tw-data-text tw-ta tw-text-small\" dir=\"ltr\" data-fulltext=\"\" data-placeholder=\"Translation\"><span lang=\"fr\">La privatisation des a\u00e9roports pour obtenir un avantage financier unique pour Ottawa est \u00e0 courte vue et ne conduit pas \u00e0 une op\u00e9ration peu co\u00fbteuse, peu importe ce que dit la GTAA. En outre, il ne r\u00e9sout pas les nombreux probl\u00e8mes li\u00e9s au syst\u00e8me actuel.\r\n<\/span><\/pre>\n<div class=\"_Ejb\">\n<div id=\"tw-target\">\n<div id=\"tw-target-text-container\" class=\"tw-ta-container tw-nfl\">\n<pre class=\"tw-data-text tw-ta tw-text-small\" dir=\"ltr\" data-fulltext=\"\" data-placeholder=\"Translation\"><span lang=\"fr\">Il y a beaucoup de probl\u00e8mes \u00e0 traiter et, jusqu'\u00e0 ce que le gouvernement lib\u00e9ral f\u00e9d\u00e9ral soit pr\u00eat \u00e0 s'asseoir s\u00e9rieusement et \u00e0 \u00e9couter attentivement ces intervenants, ils abandonnent le secteur de l'aviation et touchent des centaines de milliers de travailleurs et des millions de passagers.\r\n\r\nUne chose est s\u00fbre; L'IAM continuera \u00e0 exprimer son opposition \u00e0 ce programme de privatisation conservateur (oops, lib\u00e9ral)!\r\n<\/span><\/pre>\n<div class=\"_Ejb\">\n<div id=\"tw-target\">\n<div id=\"tw-target-text-container\" class=\"tw-ta-container tw-nfl\">\n<pre class=\"tw-data-text tw-ta tw-text-small\" dir=\"ltr\" data-fulltext=\"\" data-placeholder=\"Translation\"><span lang=\"fr\">La p\u00e9tition concerne le Premier ministre Justin Trudeau, le ministre des Transports Marc Garneau et l'IAM. Il est essentiel que nous obtenions suffisamment de signatures pour mettre fin \u00e0 la conversation sur la privatisation.\r\n\r\n<\/span><\/pre>\n<div class=\"_Ejb\">\n<div id=\"tw-target\">\n<div id=\"tw-target-text-container\" class=\"tw-ta-container tw-nfl\">\n<pre id=\"tw-target-text\" class=\"tw-data-text tw-ta tw-text-large\" dir=\"ltr\" data-fulltext=\"\" data-placeholder=\"Translation\"><span lang=\"fr\">fran\u00e7ais:<\/span><span lang=\"fr\"><span lang=\"EN-CA\" style=\"font-family: 'Calibri','sans-serif'; color: black;\">\u00a0<a href=\"http:\/\/www.iamaw.ca\/6415\/?lang=fr\" target=\"_blank\" data-saferedirecturl=\"https:\/\/www.google.com\/url?hl=en&amp;q=http:\/\/www.iamaw.ca\/6415\/?lang%3Dfr&amp;source=gmail&amp;ust=1492737407615000&amp;usg=AFQjCNGlDcuQjJdYvj3ElIPmk-I5_i1xvA\"><span style=\"color: #1155cc;\">http:\/\/www.iamaw.ca\/<\/span><wbr \/>6415\/?lang=fr<\/a><u><\/u><u><\/u><\/span>\r\n<\/span><\/pre>\n<\/div>\n<\/div>\n<\/div>\n<\/div>\n<\/div>\n<\/div>\n<pre id=\"tw-target-text\" class=\"tw-data-text tw-ta tw-text-small\" dir=\"ltr\" data-fulltext=\"\" data-placeholder=\"Translation\"><span lang=\"fr\">\u00a0<\/span><\/pre>\n<\/div>\n<\/div>\n<\/div>\n<pre id=\"tw-target-text\" class=\"tw-data-text tw-ta tw-text-small\" dir=\"ltr\" data-fulltext=\"\" data-placeholder=\"Translation\"><span lang=\"fr\">\u00a0<\/span><\/pre>\n<\/div>\n<\/div>\n<\/div>\n<div class=\"tw-swapa\"><\/div>\n<p>&nbsp;<\/p>\n","protected":false},"excerpt":{"rendered":"<p>La p\u00e9tition a \u00e9t\u00e9 \u00e9labor\u00e9e par l&#8217;IAM qui nous aidera \u00e0 envoyer un message fort \u00e0 notre gouvernement qui envisage de privatiser la plupart des a\u00e9roports de notre pays. Depuis que le rapport Emerson a \u00e9t\u00e9 publi\u00e9 par le gouvernement f\u00e9d\u00e9ral en juin 2016, l&#8217;IAM a \u00e9t\u00e9 tr\u00e8s clair dans notre opposition \u00e0 la privatisation [&hellip;]<\/p>\n","protected":false},"author":7,"featured_media":0,"comment_status":"closed","ping_status":"closed","sticky":false,"template":"","format":"standard","meta":{"iawp_total_views":0,"footnotes":""},"categories":[1],"tags":[],"class_list":["post-3335","post","type-post","status-publish","format-standard","hentry","category-non-classe"],"_links":{"self":[{"href":"https:\/\/www.iam140.ca\/index.php?rest_route=\/wp\/v2\/posts\/3335","targetHints":{"allow":["GET"]}}],"collection":[{"href":"https:\/\/www.iam140.ca\/index.php?rest_route=\/wp\/v2\/posts"}],"about":[{"href":"https:\/\/www.iam140.ca\/index.php?rest_route=\/wp\/v2\/types\/post"}],"author":[{"embeddable":true,"href":"https:\/\/www.iam140.ca\/index.php?rest_route=\/wp\/v2\/users\/7"}],"replies":[{"embeddable":true,"href":"https:\/\/www.iam140.ca\/index.php?rest_route=%2Fwp%2Fv2%2Fcomments&post=3335"}],"version-history":[{"count":2,"href":"https:\/\/www.iam140.ca\/index.php?rest_route=\/wp\/v2\/posts\/3335\/revisions"}],"predecessor-version":[{"id":3338,"href":"https:\/\/www.iam140.ca\/index.php?rest_route=\/wp\/v2\/posts\/3335\/revisions\/3338"}],"wp:attachment":[{"href":"https:\/\/www.iam140.ca\/index.php?rest_route=%2Fwp%2Fv2%2Fmedia&parent=3335"}],"wp:term":[{"taxonomy":"category","embeddable":true,"href":"https:\/\/www.iam140.ca\/index.php?rest_route=%2Fwp%2Fv2%2Fcategories&post=3335"},{"taxonomy":"post_tag","embeddable":true,"href":"https:\/\/www.iam140.ca\/index.php?rest_route=%2Fwp%2Fv2%2Ftags&post=3335"}],"curies":[{"name":"wp","href":"https:\/\/api.w.org\/{rel}","templated":true}]}}