{"id":33332,"date":"2026-03-02T22:47:28","date_gmt":"2026-03-03T05:47:28","guid":{"rendered":"https:\/\/www.iam140.ca\/?p=33332"},"modified":"2026-03-02T22:48:38","modified_gmt":"2026-03-03T05:48:38","slug":"iam-canada-la-decision-de-la-cour-supreme-renforce-la-necessite-de-politiques-commerciales-equitables","status":"publish","type":"post","link":"https:\/\/www.iam140.ca\/?p=33332&lang=fr","title":{"rendered":"IAM Canada &#8211; La d\u00e9cision de la Cour supr\u00eame renforce la n\u00e9cessit\u00e9 de politiques commerciales \u00e9quitables"},"content":{"rendered":"\n<p><strong>Toronto \/ Washington, 20 f\u00e9vrier 2026<\/strong>&nbsp;\u2013 Le syndicat de l\u2019IAM r\u00e9agit \u00e0 la r\u00e9cente d\u00e9cision de la Cour supr\u00eame annulant les tarifs douaniers g\u00e9n\u00e9ralis\u00e9s impos\u00e9s par le pr\u00e9sident Trump, en soulignant les r\u00e9percussions pour les travailleurs et travailleuses des deux c\u00f4t\u00e9s de la fronti\u00e8re.<\/p>\n\n\n\n<p>David Chartrand, Vice-pr\u00e9sident g\u00e9n\u00e9ral canadien du syndicat de l\u2019IAM, a d\u00e9clar\u00e9 :&nbsp;<em>\u00ab&nbsp;Les travailleurs et les travailleuses ne sont pas responsables de ces d\u00e9cisions tarifaires arbitraires, pourtant ce sont eux qui en paient le prix. La d\u00e9cision de la Cour supr\u00eame souligne l\u2019importance de politiques commerciales pr\u00e9visibles et \u00e9quitables, essentielles \u00e0 la protection des emplois et \u00e0 la stabilit\u00e9 dans des secteurs comme l\u2019a\u00e9rospatiale et la fabrication. Les travailleurs, travailleuses et les entreprises du Canada ont besoin de certitude pour planifier l\u2019avenir, et des mesures comme ces tarifs viennent perturber cette stabilit\u00e9.<\/em>\u00ab&nbsp;<\/p>\n\n\n\n<p>Brian Bryant, pr\u00e9sident international du syndicat de l\u2019IAM, a ajout\u00e9 :&nbsp;<em>\u00ab&nbsp;Les d\u00e9cisions tarifaires arbitraires et pr\u00e9cipit\u00e9es \u2014 surtout lorsqu\u2019elles visent des alli\u00e9s proches comme le Canada \u2014 cr\u00e9ent une incertitude qui met en p\u00e9ril des emplois dans des industries hautement interd\u00e9pendantes comme l\u2019a\u00e9rospatiale et la fabrication, augmentent les prix pour les consommateurs et rendent plus difficile la planification \u00e0 long terme pour les entreprises, les travailleurs et les travailleuses.<\/em><\/p>\n\n\n\n<p><em>Cette instabilit\u00e9 complique \u00e9galement la n\u00e9gociation collective, o\u00f9 la pr\u00e9visibilit\u00e9 est essentielle pour conclure de solides conventions collectives et assurer la s\u00e9curit\u00e9 d\u2019emploi \u00e0 long terme.<\/em><\/p>\n\n\n\n<p><em>La d\u00e9cision de la Cour supr\u00eame r\u00e9affirme que la Constitution am\u00e9ricaine confie clairement au Congr\u00e8s le pouvoir d\u2019imposer des tarifs sur les importations \u00e9trang\u00e8res. La politique commerciale doit s\u2019inscrire dans ce cadre et \u00eatre appliqu\u00e9e avec rigueur.<\/em><\/p>\n\n\n\n<p><em>La politique commerciale doit renforcer le secteur manufacturier et les travailleurs \u2014 et non cr\u00e9er un chaos \u00e9conomique inutile.&nbsp;\u00bb<\/em><\/p>\n\n\n\n<p><em>Le syndicat de l\u2019IAM repr\u00e9sente environ 600 000 membres actifs et retrait\u00e9s dans les secteurs de l\u2019a\u00e9rospatiale, de la d\u00e9fense, des compagnies a\u00e9riennes, de la construction navale, du rail, du transport en commun, des soins de sant\u00e9, de l\u2019automobile et d\u2019autres industries \u00e0 travers l\u2019Am\u00e9rique du Nord. Il pr\u00e9conise des politiques commerciales qui renforcent les travailleurs et travailleuses plut\u00f4t que de cr\u00e9er de l\u2019incertitude \u00e9conomique.<\/em><\/p>\n","protected":false},"excerpt":{"rendered":"<p>Toronto \/ Washington, 20 f\u00e9vrier 2026&nbsp;\u2013 Le syndicat de l\u2019IAM r\u00e9agit \u00e0 la r\u00e9cente d\u00e9cision de la Cour supr\u00eame annulant les tarifs douaniers g\u00e9n\u00e9ralis\u00e9s impos\u00e9s par le pr\u00e9sident Trump, en soulignant les r\u00e9percussions pour les travailleurs et travailleuses des deux c\u00f4t\u00e9s de la fronti\u00e8re. David Chartrand, Vice-pr\u00e9sident g\u00e9n\u00e9ral canadien du syndicat de l\u2019IAM, a d\u00e9clar\u00e9 [&hellip;]<\/p>\n","protected":false},"author":7,"featured_media":33292,"comment_status":"closed","ping_status":"closed","sticky":false,"template":"","format":"standard","meta":{"footnotes":""},"categories":[10],"tags":[3010,1499,3007,1588,3009,3018],"class_list":{"0":"post-33332","1":"post","2":"type-post","3":"status-publish","4":"format-standard","5":"has-post-thumbnail","6":"hentry","7":"category-nouvelles","8":"tag-canada","9":"tag-d140","10":"tag-iam","11":"tag-syndicat","12":"tag-travail","13":"tag-usa","15":"post-with-thumbnail","16":"post-with-thumbnail-large"},"_links":{"self":[{"href":"https:\/\/www.iam140.ca\/index.php?rest_route=\/wp\/v2\/posts\/33332","targetHints":{"allow":["GET"]}}],"collection":[{"href":"https:\/\/www.iam140.ca\/index.php?rest_route=\/wp\/v2\/posts"}],"about":[{"href":"https:\/\/www.iam140.ca\/index.php?rest_route=\/wp\/v2\/types\/post"}],"author":[{"embeddable":true,"href":"https:\/\/www.iam140.ca\/index.php?rest_route=\/wp\/v2\/users\/7"}],"replies":[{"embeddable":true,"href":"https:\/\/www.iam140.ca\/index.php?rest_route=%2Fwp%2Fv2%2Fcomments&post=33332"}],"version-history":[{"count":1,"href":"https:\/\/www.iam140.ca\/index.php?rest_route=\/wp\/v2\/posts\/33332\/revisions"}],"predecessor-version":[{"id":33333,"href":"https:\/\/www.iam140.ca\/index.php?rest_route=\/wp\/v2\/posts\/33332\/revisions\/33333"}],"wp:featuredmedia":[{"embeddable":true,"href":"https:\/\/www.iam140.ca\/index.php?rest_route=\/wp\/v2\/media\/33292"}],"wp:attachment":[{"href":"https:\/\/www.iam140.ca\/index.php?rest_route=%2Fwp%2Fv2%2Fmedia&parent=33332"}],"wp:term":[{"taxonomy":"category","embeddable":true,"href":"https:\/\/www.iam140.ca\/index.php?rest_route=%2Fwp%2Fv2%2Fcategories&post=33332"},{"taxonomy":"post_tag","embeddable":true,"href":"https:\/\/www.iam140.ca\/index.php?rest_route=%2Fwp%2Fv2%2Ftags&post=33332"}],"curies":[{"name":"wp","href":"https:\/\/api.w.org\/{rel}","templated":true}]}}