{"id":33082,"date":"2026-01-23T14:06:04","date_gmt":"2026-01-23T21:06:04","guid":{"rendered":"https:\/\/www.iam140.ca\/?p=33082"},"modified":"2026-01-23T14:05:23","modified_gmt":"2026-01-23T21:05:23","slug":"le-conseil-des-machinistes-du-quebec-prepare-les-representants-syndicaux-a-une-negociation-collective-reussie","status":"publish","type":"post","link":"https:\/\/www.iam140.ca\/?p=33082&lang=fr","title":{"rendered":"Le Conseil des Machinistes du Qu\u00e9bec pr\u00e9pare les repr\u00e9sentants syndicaux \u00e0 une n\u00e9gociation collective r\u00e9ussie"},"content":{"rendered":"\n<p>Du 14 au 16 janvier 2026 se d\u00e9roulait \u00e0 Sherbrooke une s\u00e9ance de formation sur la n\u00e9gociation collective organis\u00e9e par le Le Conseil des Machinistes du Qu\u00e9bec (CMQ). Offerte par les repr\u00e9sentants du District 11, Alessandro Bernardelli et Christian Bilodeau, cette formation rassemblait des repr\u00e9sentants des Sections locales 712 et 922.<\/p>\n\n\n\n<p>La n\u00e9gociation d\u2019un contrat de travail est une partie importante du r\u00f4le d\u2019un repr\u00e9sentant syndical. N\u00e9gocier une convention qui respecte les besoins de ses confr\u00e8res et cons\u0153urs de travail demande une bonne capacit\u00e9 d\u2019analyse, des connaissances des lois du travail et une bonne ma\u00eetrise de l\u2019art de la n\u00e9gociation. C\u2019est pourquoi le CMQ s\u2019assure du transfert de ces connaissances par la formation des comit\u00e9s de n\u00e9gociations qui se verront confier la responsabilit\u00e9 de s\u2019asseoir avec un employeur pour n\u00e9gocier un bon contrat de travail. L\u2019acc\u00e8s \u00e0 une formation de qualit\u00e9 est un atout pour l\u2019ensemble des membres du syndicat de l\u2019IAM. Nous tenons \u00e0 f\u00e9liciter chaleureusement tous les participants.<\/p>\n\n\n\n<p><strong>Ont particip\u00e9 \u00e0 la formation:<\/strong><\/p>\n\n\n\n<p><em>De la SL 712,<\/em>&nbsp;Yan Jalbert, Jean-Michel Bourbeau, J\u00e9r\u00f4me Denault et Patrick Sears.<\/p>\n\n\n\n<p><em>De la SL 922<\/em>&nbsp;, Isahi Salvador Rojas, Jimmy Cantin, Hugo Ducharme, Isabel Martel, Edmond Roy, Albano Rojas, David Bellerose, Pascal Yann Dufour et David Rousseau.<\/p>\n","protected":false},"excerpt":{"rendered":"<p>Du 14 au 16 janvier 2026 se d\u00e9roulait \u00e0 Sherbrooke une s\u00e9ance de formation sur la n\u00e9gociation collective organis\u00e9e par le Le Conseil des Machinistes du Qu\u00e9bec (CMQ). Offerte par les repr\u00e9sentants du District 11, Alessandro Bernardelli et Christian Bilodeau, cette formation rassemblait des repr\u00e9sentants des Sections locales 712 et 922. La n\u00e9gociation d\u2019un contrat [&hellip;]<\/p>\n","protected":false},"author":13,"featured_media":33065,"comment_status":"closed","ping_status":"closed","sticky":false,"template":"","format":"standard","meta":{"footnotes":""},"categories":[3],"tags":[],"class_list":{"0":"post-33082","1":"post","2":"type-post","3":"status-publish","4":"format-standard","5":"has-post-thumbnail","6":"hentry","7":"category-bulletins","9":"post-with-thumbnail","10":"post-with-thumbnail-large"},"_links":{"self":[{"href":"https:\/\/www.iam140.ca\/index.php?rest_route=\/wp\/v2\/posts\/33082","targetHints":{"allow":["GET"]}}],"collection":[{"href":"https:\/\/www.iam140.ca\/index.php?rest_route=\/wp\/v2\/posts"}],"about":[{"href":"https:\/\/www.iam140.ca\/index.php?rest_route=\/wp\/v2\/types\/post"}],"author":[{"embeddable":true,"href":"https:\/\/www.iam140.ca\/index.php?rest_route=\/wp\/v2\/users\/13"}],"replies":[{"embeddable":true,"href":"https:\/\/www.iam140.ca\/index.php?rest_route=%2Fwp%2Fv2%2Fcomments&post=33082"}],"version-history":[{"count":1,"href":"https:\/\/www.iam140.ca\/index.php?rest_route=\/wp\/v2\/posts\/33082\/revisions"}],"predecessor-version":[{"id":33083,"href":"https:\/\/www.iam140.ca\/index.php?rest_route=\/wp\/v2\/posts\/33082\/revisions\/33083"}],"wp:featuredmedia":[{"embeddable":true,"href":"https:\/\/www.iam140.ca\/index.php?rest_route=\/wp\/v2\/media\/33065"}],"wp:attachment":[{"href":"https:\/\/www.iam140.ca\/index.php?rest_route=%2Fwp%2Fv2%2Fmedia&parent=33082"}],"wp:term":[{"taxonomy":"category","embeddable":true,"href":"https:\/\/www.iam140.ca\/index.php?rest_route=%2Fwp%2Fv2%2Fcategories&post=33082"},{"taxonomy":"post_tag","embeddable":true,"href":"https:\/\/www.iam140.ca\/index.php?rest_route=%2Fwp%2Fv2%2Ftags&post=33082"}],"curies":[{"name":"wp","href":"https:\/\/api.w.org\/{rel}","templated":true}]}}