{"id":33020,"date":"2026-01-14T22:02:02","date_gmt":"2026-01-15T05:02:02","guid":{"rendered":"https:\/\/www.iam140.ca\/?p=33020"},"modified":"2026-01-14T21:59:13","modified_gmt":"2026-01-15T04:59:13","slug":"aim-canada-hommage-a-paul-gaudet-pour-51-annees-de-service-devoue","status":"publish","type":"post","link":"https:\/\/www.iam140.ca\/?p=33020&lang=fr","title":{"rendered":"AIM Canada &#8211; Hommage \u00e0 Paul Gaudet pour 51 ann\u00e9es de service d\u00e9vou\u00e9"},"content":{"rendered":"\n<p>Apr\u00e8s plus de cinq d\u00e9cennies de d\u00e9vouement, le confr\u00e8re Paul Gaudet a officiellement pris sa retraite, mettant fin \u00e0 un chapitre exceptionnel de service envers son m\u00e9tier, son pays et son syndicat.<\/p>\n\n\n\n<p>Paul a d\u00e9but\u00e9 sa carri\u00e8re en 1974 comme membre de la Section locale 1723, au D\u00e9p\u00f4t d\u2019armement naval (DAN), \u00e0 titre d\u2019ajusteur en armement. D\u00e8s ses d\u00e9buts, il a d\u00e9montr\u00e9 un solide engagement envers ses coll\u00e8gues en occupant le poste de d\u00e9l\u00e9gu\u00e9 syndical, un r\u00f4le qui refl\u00e9tait son d\u00e9vouement de toute une vie au leadership syndical et \u00e0 la d\u00e9fense des membres.<\/p>\n\n\n\n<p>Vers 1985, Paul a acc\u00e9d\u00e9 \u00e0 un poste de supervision, qu\u2019il a occup\u00e9 jusqu\u2019en 1995, traversant avec professionnalisme et int\u00e9grit\u00e9 les d\u00e9fis li\u00e9s aux r\u00e9ductions d\u2019effectifs. Il a ensuite poursuivi son parcours au d\u00e9p\u00f4t de Bedford, o\u00f9 il a pass\u00e9 pr\u00e8s de dix ans comme technicien \u00e0 l\u2019entretien des torpilles. Lorsque les op\u00e9rations d\u2019entretien des torpilles ont pris fin, Paul s\u2019est de nouveau adapt\u00e9 en retournant au chantier naval comme technicien en entretien des p\u00e9riscopes.<\/p>\n\n\n\n<p>Au fil de ses fonctions, Paul a jou\u00e9 un r\u00f4le cl\u00e9 dans les travaux de maintenance, de r\u00e9paration et de r\u00e9vision (MRO) des sous-marins des classes Oberon et Victoria, apportant son expertise \u00e0 des projets essentiels aux op\u00e9rations navales du Canada. \u00c0 mesure que ces projets de longue dur\u00e9e se terminaient et que la charge de travail diminuait, Paul est retourn\u00e9 en 2010 au CFAD, o\u00f9 il a occup\u00e9 le poste de technologue en maintenance d\u2019instrumentation. Il a conclu sa brillante carri\u00e8re dans la fonction publique apr\u00e8s un impressionnant total de 51 ann\u00e9es de service.<\/p>\n\n\n\n<p>Parall\u00e8lement \u00e0 sa carri\u00e8re professionnelle, Paul s\u2019est profond\u00e9ment engag\u00e9 au sein du syndicat. Il a servi pendant de nombreuses ann\u00e9es \u00e0 titre de secr\u00e9taire-tr\u00e9sorier de la Section locale 2797 et avait auparavant occup\u00e9 le m\u00eame poste au sein de la section locale 1723, avant la fusion des deux Sections locales. Paul a \u00e9galement \u00e9t\u00e9 d\u00e9l\u00e9gu\u00e9 syndical de longue date pour les Sections locales 1723 et 2797, d\u00e9fendant toujours les membres avec \u00e9quit\u00e9, compassion et d\u00e9termination.<\/p>\n\n\n\n<p>Le leadership de Paul s\u2019est \u00e9tendu \u00e0 l\u2019ensemble du Canada atlantique gr\u00e2ce \u00e0 son r\u00f4le de pr\u00e9sident du Conseil maritime des machinistes (CMM), aujourd\u2019hui connu sous le nom de Conseil de l\u2019Atlantique de l\u2019IAM, o\u00f9 il a \u0153uvr\u00e9 sans rel\u00e2che pour renforcer l\u2019unit\u00e9 et la collaboration entre les membres de l\u2019IAM dans toute la r\u00e9gion.<\/p>\n\n\n\n<p>\u00c0 l\u2019occasion de sa retraite, David Chartrand, Vice-pr\u00e9sident g\u00e9n\u00e9ral de l\u2019IAM au Canada, a soulign\u00e9 l\u2019impact durable du leadership de Paul :<\/p>\n\n\n\n<p><em>\u00ab&nbsp;Paul est reconnu sur tout le territoire pour sa chaleur humaine et sa bienveillance, ainsi que pour sa capacit\u00e9 \u00e0 rassembler les membres de l\u2019IAM au Canada atlantique gr\u00e2ce \u00e0 son leadership au sein du Conseil de l\u2019Atlantique de l\u2019IAM. Nous remercions sinc\u00e8rement Paul pour son service distingu\u00e9 et son d\u00e9vouement envers sa vocation, sa communaut\u00e9 et ses fr\u00e8res et s\u0153urs syndiqu\u00e9s. Nous lui souhaitons le meilleur dans cette retraite bien m\u00e9rit\u00e9e. F\u00e9licitations.&nbsp;\u00bb<\/em><\/p>\n\n\n\n<p>Paul Gaudet laisse derri\u00e8re lui un h\u00e9ritage marqu\u00e9 par le service, la solidarit\u00e9 et un leadership empreint de discr\u00e9tion. Ses contributions au milieu de travail et \u00e0 l\u2019IAM se feront sentir pendant de nombreuses ann\u00e9es encore. Nous exprimons notre profonde reconnaissance au Fr\u00e8re Gaudet et lui souhaitons sant\u00e9, bonheur et \u00e9panouissement dans ce nouveau chapitre de sa vie.<\/p>\n\n\n\n<p>F\u00e9licitations, Paul, pour une carri\u00e8re v\u00e9ritablement remarquable.<\/p>\n","protected":false},"excerpt":{"rendered":"<p>Apr\u00e8s plus de cinq d\u00e9cennies de d\u00e9vouement, le confr\u00e8re Paul Gaudet a officiellement pris sa retraite, mettant fin \u00e0 un chapitre exceptionnel de service envers son m\u00e9tier, son pays et son syndicat. Paul a d\u00e9but\u00e9 sa carri\u00e8re en 1974 comme membre de la Section locale 1723, au D\u00e9p\u00f4t d\u2019armement naval (DAN), \u00e0 titre d\u2019ajusteur en [&hellip;]<\/p>\n","protected":false},"author":7,"featured_media":33021,"comment_status":"closed","ping_status":"closed","sticky":false,"template":"","format":"standard","meta":{"footnotes":""},"categories":[51],"tags":[63,1629],"class_list":{"0":"post-33020","1":"post","2":"type-post","3":"status-publish","4":"format-standard","5":"has-post-thumbnail","6":"hentry","7":"category-news","8":"tag-canada","9":"tag-travail","11":"post-with-thumbnail","12":"post-with-thumbnail-large"},"_links":{"self":[{"href":"https:\/\/www.iam140.ca\/index.php?rest_route=\/wp\/v2\/posts\/33020","targetHints":{"allow":["GET"]}}],"collection":[{"href":"https:\/\/www.iam140.ca\/index.php?rest_route=\/wp\/v2\/posts"}],"about":[{"href":"https:\/\/www.iam140.ca\/index.php?rest_route=\/wp\/v2\/types\/post"}],"author":[{"embeddable":true,"href":"https:\/\/www.iam140.ca\/index.php?rest_route=\/wp\/v2\/users\/7"}],"replies":[{"embeddable":true,"href":"https:\/\/www.iam140.ca\/index.php?rest_route=%2Fwp%2Fv2%2Fcomments&post=33020"}],"version-history":[{"count":1,"href":"https:\/\/www.iam140.ca\/index.php?rest_route=\/wp\/v2\/posts\/33020\/revisions"}],"predecessor-version":[{"id":33022,"href":"https:\/\/www.iam140.ca\/index.php?rest_route=\/wp\/v2\/posts\/33020\/revisions\/33022"}],"wp:featuredmedia":[{"embeddable":true,"href":"https:\/\/www.iam140.ca\/index.php?rest_route=\/wp\/v2\/media\/33021"}],"wp:attachment":[{"href":"https:\/\/www.iam140.ca\/index.php?rest_route=%2Fwp%2Fv2%2Fmedia&parent=33020"}],"wp:term":[{"taxonomy":"category","embeddable":true,"href":"https:\/\/www.iam140.ca\/index.php?rest_route=%2Fwp%2Fv2%2Fcategories&post=33020"},{"taxonomy":"post_tag","embeddable":true,"href":"https:\/\/www.iam140.ca\/index.php?rest_route=%2Fwp%2Fv2%2Ftags&post=33020"}],"curies":[{"name":"wp","href":"https:\/\/api.w.org\/{rel}","templated":true}]}}