{"id":32644,"date":"2025-11-04T00:41:36","date_gmt":"2025-11-04T07:41:36","guid":{"rendered":"https:\/\/www.iam140.ca\/?p=32644"},"modified":"2025-11-04T00:39:33","modified_gmt":"2025-11-04T07:39:33","slug":"aim-canada-le-syndicat-de-liam-au-sommet-de-laerospatiale-canadienne-2025","status":"publish","type":"post","link":"https:\/\/www.iam140.ca\/?p=32644&lang=fr","title":{"rendered":"AIM Canada &#8211; Le syndicat de l\u2019IAM au Sommet de l\u2019a\u00e9rospatiale canadienne 2025"},"content":{"rendered":"\n<p>Le syndicat de l\u2019IAM, pr\u00e9c\u00e9demment connu sous le nom de l\u2019Association internationale des travailleurs et travailleuses de l\u2019a\u00e9rospatiale (AIMTA), \u00e9tait pr\u00e9sent au&nbsp;<strong><a href=\"http:\/\/xn--le%20syndicat%20de%20liam%20au%20sommet%20de%20larospatiale%20canadienne%202025-o5g09775d0a\/\">Sommet canadien de l\u2019a\u00e9rospatiale 2025<\/a>,<\/strong>&nbsp;organis\u00e9 par l\u2019Association des industries a\u00e9rospatiales du Canada (AIAC). Sous le th\u00e8me \u201cD\u00e9fis et Opportunit\u00e9s\u201d, l\u2019\u00e9v\u00e9nement a r\u00e9uni des centaines d\u2019entreprises a\u00e9rospatiales canadiennes et internationales, des repr\u00e9sentants gouvernementaux, des cadres de l\u2019industrie, des universitaires et des innovateurs pour explorer l\u2019avenir de l\u2019a\u00e9rospatiale et de la d\u00e9fense au Canada. Plus de 20 intervenants se sont succ\u00e9d\u00e9 sur sc\u00e8ne au cours des deux jours du sommet, offrant des perspectives, des strat\u00e9gies et des analyses sur les d\u00e9fis \u00e9volutifs et les opportunit\u00e9s \u00e9mergentes qui fa\u00e7onnent le secteur a\u00e9rospatial.<\/p>\n\n\n\n<p>Le Sommet de l\u2019a\u00e9rospatiale canadienne est reconnu comme l\u2019un des rassemblements industriels les plus influents du pays, offrant une plateforme de collaboration, de dialogue strat\u00e9gique et d\u2019innovation de classe mondiale.<\/p>\n\n\n\n<p>Le sommet a d\u00e9but\u00e9 par les remarques de Mike Mueller, pr\u00e9sident et chef de la direction de l\u2019AIAC, qui a r\u00e9affirm\u00e9 l\u2019importance de renforcer la base industrielle et la strat\u00e9gie de d\u00e9fense du Canada. Il a soulign\u00e9 l\u2019engagement continu du Premier ministre \u00e0 augmenter les d\u00e9penses de d\u00e9fense en pourcentage du PIB, \u00e9tablissant ainsi un ton confiant et tourn\u00e9 vers l\u2019avenir pour l\u2019\u00e9v\u00e9nement.<\/p>\n\n\n\n<p>Apr\u00e8s l\u2019ouverture, Pierre Pyun est mont\u00e9 sur sc\u00e8ne pour discuter de l\u2019\u00e9volution du secteur a\u00e9rospatial. Il a soulign\u00e9 que, bien que l\u2019industrie fasse face \u00e0 de nombreux d\u00e9fis, elle offre \u00e9galement un potentiel consid\u00e9rable de croissance, d\u2019innovation et de leadership technologique.<\/p>\n\n\n\n<p>Les interventions de Philippe Jr Ngassam, directeur de la certification nationale des a\u00e9ronefs, et de Uwe Zachau, pr\u00e9sident du conseil d\u2019administration de l\u2019AIAC, ont r\u00e9affirm\u00e9 l\u2019importance de maintenir des normes mondiales en mati\u00e8re de s\u00e9curit\u00e9, de certification et de durabilit\u00e9, essentielles pour assurer le leadership continu du Canada sur la sc\u00e8ne mondiale.<\/p>\n\n\n\n<p>L\u2019honorable Steven MacKinnon, ministre des Transports du gouvernement du Canada a d\u00e9crit l\u2019a\u00e9rospatiale comme l\u2019une des industries embl\u00e9matiques du pays, notant qu\u2019elle a contribu\u00e9 \u00e0 plus de 34 milliards de dollars au PIB canadien en 2024 et soutient plus de 225 000 emplois \u00e0 travers le pays.<\/p>\n\n\n\n<p>Il a soulign\u00e9 le r\u00f4le de l\u2019industrie non seulement comme moteur \u00e9conomique, mais aussi comme p\u00f4le de carri\u00e8res STEM et d\u2019innovation technologique avanc\u00e9e. Le ministre MacKinnon a d\u00e9crit la transformation en cours comme la \u201ctroisi\u00e8me r\u00e9volution de l\u2019a\u00e9rospatiale\u201d, une p\u00e9riode caract\u00e9ris\u00e9e par des avanc\u00e9es rapides en intelligence artificielle, automatisation et technologies de drones. Ces innovations transforment le secteur, cr\u00e9ant \u00e0 la fois de nouveaux d\u00e9fis et des opportunit\u00e9s de croissance passionnantes. Il a \u00e9galement soulign\u00e9 l\u2019importance de cha\u00eenes d\u2019approvisionnement solides et de la collaboration continue entre gouvernement, industrie et main-d\u2019\u0153uvre pour maintenir la comp\u00e9titivit\u00e9 mondiale du Canada.<\/p>\n\n\n\n<p>Plus tard dans le programme, la lieutenant-g\u00e9n\u00e9rale Jamie Speiser-Blanchet, CD, commandante de la Force a\u00e9rienne royale canadienne (FARC), s\u2019est adress\u00e9e \u00e0 l\u2019audience pour une discussion approfondie sur la d\u00e9fense et la s\u00e9curit\u00e9 modernes. Elle a mis en \u00e9vidence l\u2019augmentation des menaces telles que les cyberattaques, la d\u00e9sinformation et les guerres non conventionnelles, soulignant que ces d\u00e9fis \u00e9mergents n\u00e9cessitent de nouvelles strat\u00e9gies, technologies et partenariats dans les secteurs de l\u2019a\u00e9rospatiale et de la d\u00e9fense.<\/p>\n\n\n\n<p>D\u2019autres intervenants et pan\u00e9listes ont \u00e9galement particip\u00e9 au sommet, repr\u00e9sentant un \u00e9ventail diversifi\u00e9 de l\u2019\u00e9cosyst\u00e8me a\u00e9rospatial et de d\u00e9fense, et enrichissant les discussions sur la r\u00e9silience des cha\u00eenes d\u2019approvisionnement, le d\u00e9veloppement de la main-d\u2019\u0153uvre, la durabilit\u00e9, l\u2019innovation et la position du Canada sur le march\u00e9 mondial.<\/p>\n\n\n\n<p>Pour le syndicat de l\u2019IAM, la participation au Sommet canadien de l\u2019a\u00e9rospatiale repr\u00e9sente une occasion importante de s\u2019engager avec les d\u00e9cideurs cl\u00e9s, de d\u00e9fendre les int\u00e9r\u00eats des travailleurs et des travailleuses de l\u2019a\u00e9rospatiale.<\/p>\n","protected":false},"excerpt":{"rendered":"<p>Le syndicat de l\u2019IAM, pr\u00e9c\u00e9demment connu sous le nom de l\u2019Association internationale des travailleurs et travailleuses de l\u2019a\u00e9rospatiale (AIMTA), \u00e9tait pr\u00e9sent au&nbsp;Sommet canadien de l\u2019a\u00e9rospatiale 2025,&nbsp;organis\u00e9 par l\u2019Association des industries a\u00e9rospatiales du Canada (AIAC). Sous le th\u00e8me \u201cD\u00e9fis et Opportunit\u00e9s\u201d, l\u2019\u00e9v\u00e9nement a r\u00e9uni des centaines d\u2019entreprises a\u00e9rospatiales canadiennes et internationales, des repr\u00e9sentants gouvernementaux, des cadres [&hellip;]<\/p>\n","protected":false},"author":7,"featured_media":32645,"comment_status":"closed","ping_status":"closed","sticky":false,"template":"","format":"standard","meta":{"footnotes":""},"categories":[51],"tags":[63],"class_list":{"0":"post-32644","1":"post","2":"type-post","3":"status-publish","4":"format-standard","5":"has-post-thumbnail","6":"hentry","7":"category-news","8":"tag-canada","10":"post-with-thumbnail","11":"post-with-thumbnail-large"},"_links":{"self":[{"href":"https:\/\/www.iam140.ca\/index.php?rest_route=\/wp\/v2\/posts\/32644","targetHints":{"allow":["GET"]}}],"collection":[{"href":"https:\/\/www.iam140.ca\/index.php?rest_route=\/wp\/v2\/posts"}],"about":[{"href":"https:\/\/www.iam140.ca\/index.php?rest_route=\/wp\/v2\/types\/post"}],"author":[{"embeddable":true,"href":"https:\/\/www.iam140.ca\/index.php?rest_route=\/wp\/v2\/users\/7"}],"replies":[{"embeddable":true,"href":"https:\/\/www.iam140.ca\/index.php?rest_route=%2Fwp%2Fv2%2Fcomments&post=32644"}],"version-history":[{"count":1,"href":"https:\/\/www.iam140.ca\/index.php?rest_route=\/wp\/v2\/posts\/32644\/revisions"}],"predecessor-version":[{"id":32646,"href":"https:\/\/www.iam140.ca\/index.php?rest_route=\/wp\/v2\/posts\/32644\/revisions\/32646"}],"wp:featuredmedia":[{"embeddable":true,"href":"https:\/\/www.iam140.ca\/index.php?rest_route=\/wp\/v2\/media\/32645"}],"wp:attachment":[{"href":"https:\/\/www.iam140.ca\/index.php?rest_route=%2Fwp%2Fv2%2Fmedia&parent=32644"}],"wp:term":[{"taxonomy":"category","embeddable":true,"href":"https:\/\/www.iam140.ca\/index.php?rest_route=%2Fwp%2Fv2%2Fcategories&post=32644"},{"taxonomy":"post_tag","embeddable":true,"href":"https:\/\/www.iam140.ca\/index.php?rest_route=%2Fwp%2Fv2%2Ftags&post=32644"}],"curies":[{"name":"wp","href":"https:\/\/api.w.org\/{rel}","templated":true}]}}