{"id":32430,"date":"2025-08-26T04:00:25","date_gmt":"2025-08-26T11:00:25","guid":{"rendered":"https:\/\/www.iam140.ca\/?p=32430"},"modified":"2025-08-26T03:58:23","modified_gmt":"2025-08-26T10:58:23","slug":"aim-canada-les-travailleurs-et-travailleuses-des-services-passagers-dair-transat-ratifient-leur-premiere-convention-collective","status":"publish","type":"post","link":"https:\/\/www.iam140.ca\/?p=32430&lang=fr","title":{"rendered":"AIM Canada &#8211; Les travailleurs et travailleuses des services passagers d\u2019Air Transat ratifient leur premi\u00e8re convention collective"},"content":{"rendered":"\n<p>Le syndicat de l\u2019IAM est fier d\u2019annoncer une \u00e9tape majeure pour sa plus r\u00e9cente unit\u00e9 de n\u00e9gociation au sein des services passagers d\u2019Air Transat \u00e0 Montr\u00e9al (YUL). \u00c0 la suite d\u2019un vote de ratification tenu du 14 au 15 ao\u00fbt 2025, les membres ont vot\u00e9 massivement en faveur de leur toute premi\u00e8re convention collective, avec un soutien de 81 %.<\/p>\n\n\n\n<p>Cette ratification constitue une v\u00e9ritable r\u00e9ussite. Les premi\u00e8res conventions sont souvent les plus difficiles \u00e0 obtenir, car elles \u00e9tablissent les bases d\u2019une relation de travail juste et respectueuse entre les employ\u00e9s et l\u2019employeur. La convention nouvellement ratifi\u00e9e apporte des am\u00e9liorations significatives et pose des fondations solides pour les ann\u00e9es \u00e0 venir.<\/p>\n\n\n\n<p>\u201c<em>Le succ\u00e8s \u00e0 la table de n\u00e9gociation est la preuve de la d\u00e9termination et de la solidarit\u00e9 de nos members<\/em>\u201d, a d\u00e9clar\u00e9 Peter Tsoulakas, pr\u00e9sident g\u00e9n\u00e9ral \u00e0 l\u2019IAM. \u201c<em>Nous sommes fiers d\u2019avoir obtenu des gains importants qui am\u00e9lioreront directement la qualit\u00e9 de vie de nos membres et de leurs familles.<\/em>\u201d<\/p>\n\n\n\n<p>Le nouveau contrat sera en vigueur du 16 ao\u00fbt 2025 au 15 ao\u00fbt 2028, offrant stabilit\u00e9 et clart\u00e9 pour les trois prochaines ann\u00e9es.<\/p>\n\n\n\n<p>La direction de l\u2019IAM et le comit\u00e9 de n\u00e9gociation ont exprim\u00e9 leur gratitude aux membres pour leur engagement tout au long du processus de n\u00e9gociation. \u201c<em>Cette victoire vous appartient, \u00e0 vous les members<\/em>\u201d, a soulign\u00e9 le comit\u00e9. \u201c<em>Votre patience, votre soutien et votre unit\u00e9 ont \u00e9t\u00e9 essentiels pour obtenir cette premi\u00e8re convention. Ensemble, nous commen\u00e7ons seulement \u00e0 faire une diff\u00e9rence ; mais il faudra continuer \u00e0 faire preuve de solidarit\u00e9 pour consolider ces acquis.<\/em>\u201d<\/p>\n\n\n\n<p>Avec cette ratification, l\u2019IAM r\u00e9affirme son engagement \u00e0 veiller \u00e0 ce que les travailleurs et travailleuses des services passagers d\u2019Air Transat \u00e0 YUL disposent d\u2019une voix forte au sein de leur milieu de travail, d\u2019une repr\u00e9sentation \u00e9quitable et des outils n\u00e9cessaires pour continuer \u00e0 faire progresser leurs droits et protections.<\/p>\n","protected":false},"excerpt":{"rendered":"<p>Le syndicat de l\u2019IAM est fier d\u2019annoncer une \u00e9tape majeure pour sa plus r\u00e9cente unit\u00e9 de n\u00e9gociation au sein des services passagers d\u2019Air Transat \u00e0 Montr\u00e9al (YUL). \u00c0 la suite d\u2019un vote de ratification tenu du 14 au 15 ao\u00fbt 2025, les membres ont vot\u00e9 massivement en faveur de leur toute premi\u00e8re convention collective, avec [&hellip;]<\/p>\n","protected":false},"author":7,"featured_media":32431,"comment_status":"closed","ping_status":"closed","sticky":false,"template":"","format":"standard","meta":{"footnotes":""},"categories":[3,51],"tags":[],"class_list":{"0":"post-32430","1":"post","2":"type-post","3":"status-publish","4":"format-standard","5":"has-post-thumbnail","6":"hentry","7":"category-bulletins","8":"category-news","10":"post-with-thumbnail","11":"post-with-thumbnail-large"},"_links":{"self":[{"href":"https:\/\/www.iam140.ca\/index.php?rest_route=\/wp\/v2\/posts\/32430","targetHints":{"allow":["GET"]}}],"collection":[{"href":"https:\/\/www.iam140.ca\/index.php?rest_route=\/wp\/v2\/posts"}],"about":[{"href":"https:\/\/www.iam140.ca\/index.php?rest_route=\/wp\/v2\/types\/post"}],"author":[{"embeddable":true,"href":"https:\/\/www.iam140.ca\/index.php?rest_route=\/wp\/v2\/users\/7"}],"replies":[{"embeddable":true,"href":"https:\/\/www.iam140.ca\/index.php?rest_route=%2Fwp%2Fv2%2Fcomments&post=32430"}],"version-history":[{"count":1,"href":"https:\/\/www.iam140.ca\/index.php?rest_route=\/wp\/v2\/posts\/32430\/revisions"}],"predecessor-version":[{"id":32432,"href":"https:\/\/www.iam140.ca\/index.php?rest_route=\/wp\/v2\/posts\/32430\/revisions\/32432"}],"wp:featuredmedia":[{"embeddable":true,"href":"https:\/\/www.iam140.ca\/index.php?rest_route=\/wp\/v2\/media\/32431"}],"wp:attachment":[{"href":"https:\/\/www.iam140.ca\/index.php?rest_route=%2Fwp%2Fv2%2Fmedia&parent=32430"}],"wp:term":[{"taxonomy":"category","embeddable":true,"href":"https:\/\/www.iam140.ca\/index.php?rest_route=%2Fwp%2Fv2%2Fcategories&post=32430"},{"taxonomy":"post_tag","embeddable":true,"href":"https:\/\/www.iam140.ca\/index.php?rest_route=%2Fwp%2Fv2%2Ftags&post=32430"}],"curies":[{"name":"wp","href":"https:\/\/api.w.org\/{rel}","templated":true}]}}