{"id":32405,"date":"2025-08-22T02:05:25","date_gmt":"2025-08-22T09:05:25","guid":{"rendered":"https:\/\/www.iam140.ca\/?p=32405"},"modified":"2025-08-22T02:07:15","modified_gmt":"2025-08-22T09:07:15","slug":"district-des-transports-140-dave-flowers-a-la-rencontre-des-membres-de-latlantique","status":"publish","type":"post","link":"https:\/\/www.iam140.ca\/?p=32405","title":{"rendered":"DISTRICT DES TRANSPORTS 140 \u2013 Dave Flowers \u00e0 la rencontre des membres de l\u2019Atlantique"},"content":{"rendered":"\n<p>Les 14 et 15 ao\u00fbt, le confr\u00e8re Dave Flowers, president-directeur g\u00e9n\u00e9ral (PDG) du District 140 de l\u2019IAM, accompagn\u00e9 du confr\u00e8re Chris Lipsit, pr\u00e9sident g\u00e9n\u00e9ral de l\u2019Atlantique, et du confr\u00e8re Jeremy Currie, membre du conseil ex\u00e9cutif du District 140, a effectu\u00e9 sa premi\u00e8re visite officielle des bases d\u2019Air Canada situ\u00e9es sur la c\u00f4te Est du pays.<\/p>\n\n\n\n<p>Les quatre bases de la r\u00e9gion de l\u2019Atlantique \u2014 Fredericton, Moncton et Saint John au Nouveau-Brunswick, ainsi que Charlottetown \u00e0 l\u2019\u00cele-du-Prince-\u00c9douard \u2014 ont accueilli la d\u00e9l\u00e9gation lors de leur tourn\u00e9e. Sur le terrain, Dave, Chris et Jeremy ont \u00e9chang\u00e9 directement avec les membres, le personnel, les d\u00e9l\u00e9gu\u00e9s syndicaux et les repr\u00e9sentants Sant\u00e9 et S\u00e9curit\u00e9, \u00e9coutant attentivement les pr\u00e9occupations locales et r\u00e9pondant aux questions.<\/p>\n\n\n\n<p>Tout au long de la visite, Dave Flowers a soulign\u00e9 l\u2019importance de la solidarit\u00e9 en vue des prochaines n\u00e9gociations contractuelles et a invit\u00e9 les membres \u00e0 soulever toute probl\u00e9matique touchant leur base. Les retours ont \u00e9t\u00e9 extr\u00eamement positifs, les membres de l\u2019Atlantique exprimant leur gratitude envers le confr\u00e8re Dave Flowers pour avoir pris le temps de visiter ces bases plus petites et \u00e9loign\u00e9es, et d\u2019avoir partag\u00e9 des moments significatifs avec eux.<\/p>\n","protected":false},"excerpt":{"rendered":"<p>Les 14 et 15 ao\u00fbt, le confr\u00e8re Dave Flowers, president-directeur g\u00e9n\u00e9ral (PDG) du District 140 de l\u2019IAM, accompagn\u00e9 du confr\u00e8re Chris Lipsit, pr\u00e9sident g\u00e9n\u00e9ral de l\u2019Atlantique, et du confr\u00e8re Jeremy Currie, membre du conseil ex\u00e9cutif du District 140, a effectu\u00e9 sa premi\u00e8re visite officielle des bases d\u2019Air Canada situ\u00e9es sur la c\u00f4te Est du pays. [&hellip;]<\/p>\n","protected":false},"author":7,"featured_media":32402,"comment_status":"closed","ping_status":"closed","sticky":false,"template":"","format":"standard","meta":{"footnotes":""},"categories":[51],"tags":[],"class_list":{"0":"post-32405","1":"post","2":"type-post","3":"status-publish","4":"format-standard","5":"has-post-thumbnail","6":"hentry","7":"category-news","9":"post-with-thumbnail","10":"post-with-thumbnail-large"},"_links":{"self":[{"href":"https:\/\/www.iam140.ca\/index.php?rest_route=\/wp\/v2\/posts\/32405","targetHints":{"allow":["GET"]}}],"collection":[{"href":"https:\/\/www.iam140.ca\/index.php?rest_route=\/wp\/v2\/posts"}],"about":[{"href":"https:\/\/www.iam140.ca\/index.php?rest_route=\/wp\/v2\/types\/post"}],"author":[{"embeddable":true,"href":"https:\/\/www.iam140.ca\/index.php?rest_route=\/wp\/v2\/users\/7"}],"replies":[{"embeddable":true,"href":"https:\/\/www.iam140.ca\/index.php?rest_route=%2Fwp%2Fv2%2Fcomments&post=32405"}],"version-history":[{"count":1,"href":"https:\/\/www.iam140.ca\/index.php?rest_route=\/wp\/v2\/posts\/32405\/revisions"}],"predecessor-version":[{"id":32406,"href":"https:\/\/www.iam140.ca\/index.php?rest_route=\/wp\/v2\/posts\/32405\/revisions\/32406"}],"wp:featuredmedia":[{"embeddable":true,"href":"https:\/\/www.iam140.ca\/index.php?rest_route=\/wp\/v2\/media\/32402"}],"wp:attachment":[{"href":"https:\/\/www.iam140.ca\/index.php?rest_route=%2Fwp%2Fv2%2Fmedia&parent=32405"}],"wp:term":[{"taxonomy":"category","embeddable":true,"href":"https:\/\/www.iam140.ca\/index.php?rest_route=%2Fwp%2Fv2%2Fcategories&post=32405"},{"taxonomy":"post_tag","embeddable":true,"href":"https:\/\/www.iam140.ca\/index.php?rest_route=%2Fwp%2Fv2%2Ftags&post=32405"}],"curies":[{"name":"wp","href":"https:\/\/api.w.org\/{rel}","templated":true}]}}