{"id":32387,"date":"2025-08-18T02:24:57","date_gmt":"2025-08-18T09:24:57","guid":{"rendered":"https:\/\/www.iam140.ca\/?p=32387"},"modified":"2025-08-18T02:15:17","modified_gmt":"2025-08-18T09:15:17","slug":"aim-canada-le-syndicat-de-liam-condamne-lingerence-gouvernementale-dans-les-negociations-dair-canada","status":"publish","type":"post","link":"https:\/\/www.iam140.ca\/?p=32387&lang=fr","title":{"rendered":"AIM Canada &#8211; Le syndicat de l\u2019IAM condamne l\u2019ing\u00e9rence gouvernementale dans les n\u00e9gociations d\u2019Air Canada"},"content":{"rendered":"\n<p>Le syndicat de l\u2019IAM condamne fermement l\u2019utilisation r\u00e9cente de l\u2019article 107 du Code canadien du travail par le gouvernement canadien dans le diff\u00e9rend en cours impliquant les agents de bord d\u2019Air Canada. Cette d\u00e9cision porte atteinte aux principes de la n\u00e9gociation collective libre, un droit fondamental pour tous les travailleurs et travailleuses.<\/p>\n\n\n\n<p>La n\u00e9gociation collective doit se d\u00e9rouler \u00e0 la table de n\u00e9gociation et ne pas \u00eatre restreinte par une arbitrage impos\u00e9 par le gouvernement.<\/p>\n\n\n\n<p>Le syndicat de l\u2019IAM exprime sa pleine solidarit\u00e9 avec les agents de bord d\u2019Air Canada et d\u00e9fend leur droit de n\u00e9gocier des conditions de travail \u00e9quitables sans ing\u00e9rence.<\/p>\n\n\n\n<p>Nous partageons notre lettre officielle envoy\u00e9e \u00e0 la ministre Patty Hajdu, qui expose nos pr\u00e9occupations et appelle le gouvernement \u00e0 respecter les droits des travailleurs et travailleuses ainsi que l\u2019int\u00e9grit\u00e9 du processus de n\u00e9gociation collective.<\/p>\n\n\n<p>[gview file=&#8221;https:\/\/www.iam140.ca\/wp-content\/uploads\/2025\/08\/Lettre-a-la-Ministre-Hajdu-concernant-les-agents-de-bord-dAir-Canada.pdf&#8221;]<\/p>\n\n\n<p><\/p>\n","protected":false},"excerpt":{"rendered":"<p>Le syndicat de l\u2019IAM condamne fermement l\u2019utilisation r\u00e9cente de l\u2019article 107 du Code canadien du travail par le gouvernement canadien dans le diff\u00e9rend en cours impliquant les agents de bord d\u2019Air Canada. Cette d\u00e9cision porte atteinte aux principes de la n\u00e9gociation collective libre, un droit fondamental pour tous les travailleurs et travailleuses. La n\u00e9gociation collective [&hellip;]<\/p>\n","protected":false},"author":7,"featured_media":32388,"comment_status":"closed","ping_status":"closed","sticky":false,"template":"","format":"standard","meta":{"iawp_total_views":0,"footnotes":""},"categories":[3,8,51],"tags":[73],"class_list":{"0":"post-32387","1":"post","2":"type-post","3":"status-publish","4":"format-standard","5":"has-post-thumbnail","6":"hentry","7":"category-bulletins","8":"category-bulletins-en","9":"category-news","10":"tag-aircanada","12":"post-with-thumbnail","13":"post-with-thumbnail-large"},"_links":{"self":[{"href":"https:\/\/www.iam140.ca\/index.php?rest_route=\/wp\/v2\/posts\/32387","targetHints":{"allow":["GET"]}}],"collection":[{"href":"https:\/\/www.iam140.ca\/index.php?rest_route=\/wp\/v2\/posts"}],"about":[{"href":"https:\/\/www.iam140.ca\/index.php?rest_route=\/wp\/v2\/types\/post"}],"author":[{"embeddable":true,"href":"https:\/\/www.iam140.ca\/index.php?rest_route=\/wp\/v2\/users\/7"}],"replies":[{"embeddable":true,"href":"https:\/\/www.iam140.ca\/index.php?rest_route=%2Fwp%2Fv2%2Fcomments&post=32387"}],"version-history":[{"count":1,"href":"https:\/\/www.iam140.ca\/index.php?rest_route=\/wp\/v2\/posts\/32387\/revisions"}],"predecessor-version":[{"id":32390,"href":"https:\/\/www.iam140.ca\/index.php?rest_route=\/wp\/v2\/posts\/32387\/revisions\/32390"}],"wp:featuredmedia":[{"embeddable":true,"href":"https:\/\/www.iam140.ca\/index.php?rest_route=\/wp\/v2\/media\/32388"}],"wp:attachment":[{"href":"https:\/\/www.iam140.ca\/index.php?rest_route=%2Fwp%2Fv2%2Fmedia&parent=32387"}],"wp:term":[{"taxonomy":"category","embeddable":true,"href":"https:\/\/www.iam140.ca\/index.php?rest_route=%2Fwp%2Fv2%2Fcategories&post=32387"},{"taxonomy":"post_tag","embeddable":true,"href":"https:\/\/www.iam140.ca\/index.php?rest_route=%2Fwp%2Fv2%2Ftags&post=32387"}],"curies":[{"name":"wp","href":"https:\/\/api.w.org\/{rel}","templated":true}]}}