{"id":32248,"date":"2025-07-08T21:06:31","date_gmt":"2025-07-09T04:06:31","guid":{"rendered":"https:\/\/www.iam140.ca\/?p=32248"},"modified":"2025-07-08T21:04:33","modified_gmt":"2025-07-09T04:04:33","slug":"aim-canada-les-dirigeants-internationaux-du-syndicat-de-liam-pretent-serment-pour-un-nouveau-mandat-lors-dune-ceremonie-en-lhonneur-de-la-democratie-syndicale-et-d","status":"publish","type":"post","link":"https:\/\/www.iam140.ca\/?p=32248&lang=fr","title":{"rendered":"AIM Canada &#8211; Les dirigeants internationaux du syndicat de l\u2019IAM pr\u00eatent serment pour un nouveau mandat lors d\u2019une c\u00e9r\u00e9monie en l\u2019honneur de la d\u00e9mocratie syndicale et d\u2019un leadership guid\u00e9 par les membres"},"content":{"rendered":"\n<p>e syndicat de l\u2019IAM a v\u00e9cu un moment fort de transformation alors que ses nouveaux dirigeants internationaux \u00e9lus ont pr\u00eat\u00e9 serment pour un mandat de quatre ans lors d\u2019une c\u00e9r\u00e9monie d\u2019installation c\u00e9l\u00e9brant les fondements d\u00e9mocratiques du syndicat et de sa vision avenir.<\/p>\n\n\n\n<p>Devant un public compos\u00e9 de membres de l\u2019IAM, de retrait\u00e9s, de personnel et d\u2019alli\u00e9s du monde syndical, la c\u00e9r\u00e9monie tenue au si\u00e8ge de l\u2019IAM a rappel\u00e9 que, chez l\u2019IAM, les dirigeants sont \u00e9lus par les membres.<\/p>\n\n\n\n<p><strong><a href=\"https:\/\/www.facebook.com\/watch\/live\/?ref=watch_permalink&amp;v=1879149329296427\">REGARDEZ\u202f: C\u00e9r\u00e9monie d\u2019installation des dirigeants internationaux du syndicat de l\u2019IAM \u2013 2025<\/a><\/strong><\/p>\n\n\n\n<p>Le pr\u00e9sident international Brian Bryant, membre de longue date de la section locale S6, a pr\u00eat\u00e9 serment pour continuer \u00e0 diriger le syndicat de l\u2019IAM \u00e0 travers une p\u00e9riode de mobilisation, de croissance strat\u00e9gique, et un engagement profond envers l\u2019\u00e9quit\u00e9 et l\u2019inclusion. Dans son discours, Bryant a exprim\u00e9 sa gratitude \u00e0 l\u2019\u00e9gard des membres, de ses coll\u00e8gues du Conseil ex\u00e9cutif, du personnel de l\u2019IAM et de sa famille.<\/p>\n\n\n\n<p><strong><a href=\"https:\/\/www.flickr.com\/photos\/iamawunion\/sets\/72177720327250926\/\">PHOTOS\u202f: C\u00e9r\u00e9monie d\u2019installation des dirigeants internationaux du syndicat de l\u2019IAM \u2013 2025<\/a><\/strong><\/p>\n\n\n\n<p>\u00ab&nbsp;\u00c0 nos membres\u202f: merci,&nbsp;\u00bb a affirm\u00e9 Bryant. \u00ab&nbsp;Merci de faire confiance \u00e0 cette \u00e9quipe dirigeante. Cette confiance n\u2019est pas un acquis. Nous devons la m\u00e9riter \u2014 jour apr\u00e8s jour, dans chaque combat, chaque \u00e9change sur le terrain, chaque campagne de contrat, chaque recrutement et chaque bataille l\u00e9gislative.&nbsp;\u00bb<\/p>\n\n\n\n<p>Bryant a \u00e9galement soulign\u00e9 l\u2019\u00e9volution de l\u2019identit\u00e9 du syndicat.<\/p>\n\n\n\n<p>\u00ab&nbsp;Il faut \u00eatre clair\u202f: ce syndicat repr\u00e9sente tous les travailleuses et travailleurs. Peu importe o\u00f9 vous \u00eates n\u00e9. Qui vous aimez. Ce en quoi vous croyez. Comment vous \u00eates arriv\u00e9 ici,&nbsp;\u00bb a d\u00e9clar\u00e9 Bryant. \u00ab&nbsp;\u202fSi vous travaillez pour vivre, vous m\u00e9ritez la justice au travail. Vous m\u00e9ritez la protection d\u2019une convention collective. Et vous m\u00e9ritez d\u2019\u00eatre trait\u00e9 avec dignit\u00e9.\u202f&nbsp;\u00bb<\/p>\n\n\n\n<p>La pr\u00e9sidente de l\u2019AFL\u2011CIO, Liz Shuler, a \u00e9galement pris la parole au cours de la c\u00e9r\u00e9monie, saluant l\u2019h\u00e9ritage du syndicat de l\u2019IAM et f\u00e9licitant la direction visionnaire du syndicat\u202f:<\/p>\n\n\n\n<p>\u00ab&nbsp;Ce qui nous rassemble, c\u2019est la conviction que tout travail m\u00e9rite dignit\u00e9 et que nous m\u00e9ritons toutes et tous la libert\u00e9, l\u2019\u00e9quit\u00e9 et la s\u00e9curit\u00e9,\u202f&nbsp;\u00bb a d\u00e9clar\u00e9 Shuler. \u00ab&nbsp;\u202fCe sont les valeurs qui unissent chaque travailleur et travailleuse \u2013 et nous allons lutter pour elles chaque jour. Nous allons recruter partout, tout comme le fait l\u2019IAM en affrontant les plus grandes entreprises du monde.\u202f&nbsp;\u00bb<\/p>\n\n\n\n<p>Les dirigeants suivants ont pr\u00eat\u00e9 serment pour un mandat de quatre ans, \u00e0 compter du 1er juillet 2025\u202f:<\/p>\n\n\n\n<ul class=\"wp-block-list\">\n<li><strong>Pr\u00e9sident international<\/strong><br>Brian Bryant (section locale S6)<\/li>\n\n\n\n<li><strong>Secr\u00e9taire g\u00e9n\u00e9rale-tr\u00e9sori\u00e8re<\/strong><br>Dora Cervantes (section locale 2198)<\/li>\n\n\n\n<li><strong>Vice-pr\u00e9sident g\u00e9n\u00e9ral canadien<\/strong><br>David Chartrand (section locale 712)*<\/li>\n\n\n\n<li><strong>Vice-pr\u00e9sidents g\u00e9n\u00e9raux am\u00e9ricains<\/strong><br>David Sullivan (section locale S6)<br>Richie Johnsen (section locale 1781)<br>Craig Martin (section locale 470)<br>Jody Bennett (section locale 2771)<br>Sam Cicinelli (section locale 701)<br>Robert \u201cBobby\u201d Martinez (section locale 933)<\/li>\n\n\n\n<li><strong>Comit\u00e9 juridique<\/strong><br>Eric Johnston (section locale 235)<br>Ryan Haehnlein (section locale 701)<br>Teressa Peart (section locale 774)<br>Olu Ajetomobi (section locale 1781)<br>Sal Vasquez (section locale 311)<\/li>\n\n\n\n<li><strong>D\u00e9l\u00e9gu\u00e9s \u00e0 l\u2019AFL\u2011CIO<\/strong><br>E. Michael Vartabedian (section locale 264)<br>Sharon Sugiyama (section locale 2339G)<br>Richard Jackson (section locale 751A)<\/li>\n\n\n\n<li><strong>D\u00e9l\u00e9gu\u00e9e au Congr\u00e8s du travail du Canada<\/strong><br>Christy Slauenwhite (section locale 764)*<\/li>\n<\/ul>\n\n\n\n<p>*\u00c9lue uniquement par les membres de l\u2019IAM au Canada.<\/p>\n\n\n\n<p>La prestation de serment a \u00e9t\u00e9 administr\u00e9e par le pr\u00e9sident international retrait\u00e9 de l\u2019IAM, R. Thomas Buffenbarger, qui a dirig\u00e9 le syndicat de 1997 \u00e0 2016. Sa pr\u00e9sence lors de la c\u00e9r\u00e9monie a fait le lien entre plusieurs g\u00e9n\u00e9rations de leadership de l\u2019IAM, tout en soulignant les principes durables qui guident le syndicat.<\/p>\n\n\n\n<p>La c\u00e9r\u00e9monie a \u00e9t\u00e9 enrichie d\u2019un moment de r\u00e9flexion spirituelle et inspirante anim\u00e9 par Derrick Monk, membre de la section locale 1776 de l\u2019IAM, tr\u00e9sorier du district 141 et pasteur principal de Divine Covenant Outreach Center \u00e0 Philadelphie. Monk a donn\u00e9 le ton en appelant \u00e0 l\u2019unit\u00e9, au courage et au sens partag\u00e9 des responsabilit\u00e9s au sein du leadership.<\/p>\n\n\n\n<p>Alors que le syndicat de l\u2019IAM se tourne vers l\u2019avenir, cette \u00e9quipe dirigeante nouvellement install\u00e9e est charg\u00e9e de faire cro\u00eetre le syndicat dans les industries traditionnelles et \u00e9mergentes, de mobiliser les membres \u00e0 travers des conventions solides, et de continuer \u00e0 diriger avec int\u00e9grit\u00e9, inclusion et d\u00e9termination.<\/p>\n\n\n\n<p>\u00ab&nbsp;Nous sommes tous, ensemble, les gardiens d\u2019une force puissante,&nbsp;\u00bb a conclu Bryant. \u00ab&nbsp;Nous h\u00e9ritons de ce syndicat non seulement pour le prot\u00e9ger, mais pour le faire grandir. Le rendre plus audacieux, plus inclusif et plus puissant que jamais.\u202f&nbsp;\u00bb<\/p>\n","protected":false},"excerpt":{"rendered":"<p>e syndicat de l\u2019IAM a v\u00e9cu un moment fort de transformation alors que ses nouveaux dirigeants internationaux \u00e9lus ont pr\u00eat\u00e9 serment pour un mandat de quatre ans lors d\u2019une c\u00e9r\u00e9monie d\u2019installation c\u00e9l\u00e9brant les fondements d\u00e9mocratiques du syndicat et de sa vision avenir. Devant un public compos\u00e9 de membres de l\u2019IAM, de retrait\u00e9s, de personnel et [&hellip;]<\/p>\n","protected":false},"author":7,"featured_media":32249,"comment_status":"closed","ping_status":"closed","sticky":false,"template":"","format":"standard","meta":{"footnotes":""},"categories":[51],"tags":[63,1629],"class_list":{"0":"post-32248","1":"post","2":"type-post","3":"status-publish","4":"format-standard","5":"has-post-thumbnail","6":"hentry","7":"category-news","8":"tag-canada","9":"tag-travail","11":"post-with-thumbnail","12":"post-with-thumbnail-large"},"_links":{"self":[{"href":"https:\/\/www.iam140.ca\/index.php?rest_route=\/wp\/v2\/posts\/32248","targetHints":{"allow":["GET"]}}],"collection":[{"href":"https:\/\/www.iam140.ca\/index.php?rest_route=\/wp\/v2\/posts"}],"about":[{"href":"https:\/\/www.iam140.ca\/index.php?rest_route=\/wp\/v2\/types\/post"}],"author":[{"embeddable":true,"href":"https:\/\/www.iam140.ca\/index.php?rest_route=\/wp\/v2\/users\/7"}],"replies":[{"embeddable":true,"href":"https:\/\/www.iam140.ca\/index.php?rest_route=%2Fwp%2Fv2%2Fcomments&post=32248"}],"version-history":[{"count":1,"href":"https:\/\/www.iam140.ca\/index.php?rest_route=\/wp\/v2\/posts\/32248\/revisions"}],"predecessor-version":[{"id":32250,"href":"https:\/\/www.iam140.ca\/index.php?rest_route=\/wp\/v2\/posts\/32248\/revisions\/32250"}],"wp:featuredmedia":[{"embeddable":true,"href":"https:\/\/www.iam140.ca\/index.php?rest_route=\/wp\/v2\/media\/32249"}],"wp:attachment":[{"href":"https:\/\/www.iam140.ca\/index.php?rest_route=%2Fwp%2Fv2%2Fmedia&parent=32248"}],"wp:term":[{"taxonomy":"category","embeddable":true,"href":"https:\/\/www.iam140.ca\/index.php?rest_route=%2Fwp%2Fv2%2Fcategories&post=32248"},{"taxonomy":"post_tag","embeddable":true,"href":"https:\/\/www.iam140.ca\/index.php?rest_route=%2Fwp%2Fv2%2Ftags&post=32248"}],"curies":[{"name":"wp","href":"https:\/\/api.w.org\/{rel}","templated":true}]}}