{"id":32108,"date":"2025-05-23T16:43:43","date_gmt":"2025-05-23T23:43:43","guid":{"rendered":"https:\/\/www.iam140.ca\/?p=32108"},"modified":"2025-05-25T01:22:36","modified_gmt":"2025-05-25T08:22:36","slug":"district-des-transports-140-attention-aux-tmos-dair-canada-alors-que-les-couts-augmentent-ou-est-lamfa","status":"publish","type":"post","link":"https:\/\/www.iam140.ca\/?p=32108&lang=fr","title":{"rendered":"DISTRICT DES TRANSPORTS 140 &#8211; ATTENTION AUX TMOS D\u2019AIR CANADA &#8211; ALORS QUE LES CO\u00dbTS AUGMENTENT, O\u00d9 EST L\u2019AMFA ?"},"content":{"rendered":"\n<p>Apr\u00e8s des d\u00e9cennies d\u2019\u00e9chec et de sous-traitance d\u2019emplois aux \u00c9tats-Unis, l\u2019AMFA tente de vendre la m\u00eame mauvaise repr\u00e9sentation au Canada. Elle pr\u00e9tend comprendre nos enjeux. Pourtant, elle ne se donne pas la peine de s\u2019exprimer contre la guerre tarifaire contre le Canada.<\/p>\n\n\n\n<p>L\u2019AMFA a-t-elle publi\u00e9 une seule d\u00e9claration publique s\u2019opposant aux tarifs douaniers et \u00e0 la hausse des co\u00fbts pour les travailleurs et travailleuses canadiens ? A-t-elle fait du lobbying contre la guerre commerciale ? L\u2019AMFA sait-elle quels enjeux sont importants pour nous, les travailleurs et travailleuses ?<\/p>\n\n\n\n<p>Si l\u2019AMFA ne d\u00e9fend pas vos int\u00e9r\u00eats maintenant, le fera-t-elle un jour ?<\/p>\n\n\n\n<p>En revanche, l\u2019IAM a le meilleur langage du secteur en mati\u00e8re de sous-traitance. L\u2019IAM a r\u00e9clam\u00e9 \u00e0 plusieurs reprises la fin de tous les tarifs douaniers pour les travailleurs et travailleuses canadiens et a \u00e9t\u00e9 active sur le plan l\u00e9gislatif des deux c\u00f4t\u00e9s de la fronti\u00e8re pour d\u00e9fendre les travailleurs contre ces tarifs.<\/p>\n\n\n\n<p>Lors de votre vote confidentiel, choisissez un syndicat qui prot\u00e8ge tous les travailleurs et travailleuses.<\/p>\n\n\n\n<p><a href=\"https:\/\/www.newsweek.com\/its-time-put-workers-center-tariff-trade-discussion-opinion-2027534\">IAM Op-Ed in Newsweek: It\u2019s Time To Put Workers at the Center of the Tariff and Trade Discussion | Opinion<\/a><\/p>\n\n\n\n<p><a href=\"https:\/\/www.goiam.org\/news\/iam-union-u-s-canadian-workers-still-waiting-to-have-voice-in-tariff-trade-policy\/\">IAM Union: U.S., Canadian Workers Still Waiting to Have Voice in Tariff, Trade Policy<\/a><\/p>\n\n\n\n<p><a href=\"https:\/\/www.goiam.org\/news\/trump-tariffs-on-canada-jeopardize-aerospace-defense-and-manufacturing-sectors-while-threatening-national-security\/\">IAM Union: Trump Tariffs on Canada Jeopardize Aerospace, Defense, and Manufacturing Sectors While Threatening National Security<\/a><\/p>\n\n\n\n<p><a href=\"https:\/\/www.goiam.org\/news\/iam-urges-u-s-senate-to-support-end-to-harmful-misguided-tariffs-on-canada\/\">IAM Urges U.S. Senate to Support End to Harmful, Misguided Tariffs on Canada<\/a><\/p>\n\n\n\n<p><a href=\"https:\/\/www.goiam.org\/news\/iam-union-rebukes-president-trumps-erratic-tariff-policies-as-economic-anxiety-for-working-families-continues-to-rise\/\">IAM Union Rebukes President Trump\u2019s Erratic Tariff Policies as Economic Anxiety for Working Families Continues to Rise<\/a><\/p>\n\n\n\n<p><a href=\"https:\/\/www.goiam.org\/news\/iam-union-urges-end-to-all-u-s-tariffs-on-canada-cooperation-amongst-both-countries-to-grow-worker-prosperity\/\">IAM Union Urges End to All U.S. Tariffs on Canada, Cooperation Amongst Both Countries to Grow Worker Prosperity<\/a><\/p>\n\n\n\n<p><a href=\"https:\/\/www.goiam.org\/news\/iam-union-condemns-trumps-25-tariffs-on-canada\/\">IAM Union Condemns Trump\u2019s 25% Tariffs on Canada<\/a><\/p>\n\n\n\n<p><a href=\"https:\/\/www.goiam.org\/press-releases\/tariffs-on-canadian-steel-and-aluminum-would-be-a-gut-punch-to-workers\/\">Tariffs on Canadian Steel and Aluminum Would Be a Gut Punch to Workers<\/a><\/p>\n\n\n\n<p><a href=\"https:\/\/www.goiam.org\/press-releases\/iam-union-u-s-tariffs-on-canada-hurt-workers-in-both-countries-weaken-alliance-in-trade-fight-against-china-others\/\">IAM Union: U.S. Tariffs on Canada Hurt Workers in Both Countries, Weaken Alliance in Trade Fight Against China, Others<\/a><\/p>\n\n\n<p>[gview file=&#8221;https:\/\/www.iam140.ca\/wp-content\/uploads\/2025\/05\/AMFA-WHILE-COST-RISE-FLYER-FRENCH-1.pdf&#8221;]<\/p>","protected":false},"excerpt":{"rendered":"<p>Apr\u00e8s des d\u00e9cennies d\u2019\u00e9chec et de sous-traitance d\u2019emplois aux \u00c9tats-Unis, l\u2019AMFA tente de vendre la m\u00eame mauvaise repr\u00e9sentation au Canada. Elle pr\u00e9tend comprendre nos enjeux. Pourtant, elle ne se donne pas la peine de s\u2019exprimer contre la guerre tarifaire contre le Canada. L\u2019AMFA a-t-elle publi\u00e9 une seule d\u00e9claration publique s\u2019opposant aux tarifs douaniers et \u00e0 [&hellip;]<\/p>\n","protected":false},"author":7,"featured_media":31770,"comment_status":"closed","ping_status":"closed","sticky":false,"template":"","format":"standard","meta":{"footnotes":""},"categories":[51],"tags":[],"class_list":{"0":"post-32108","1":"post","2":"type-post","3":"status-publish","4":"format-standard","5":"has-post-thumbnail","6":"hentry","7":"category-news","9":"post-with-thumbnail","10":"post-with-thumbnail-large"},"_links":{"self":[{"href":"https:\/\/www.iam140.ca\/index.php?rest_route=\/wp\/v2\/posts\/32108","targetHints":{"allow":["GET"]}}],"collection":[{"href":"https:\/\/www.iam140.ca\/index.php?rest_route=\/wp\/v2\/posts"}],"about":[{"href":"https:\/\/www.iam140.ca\/index.php?rest_route=\/wp\/v2\/types\/post"}],"author":[{"embeddable":true,"href":"https:\/\/www.iam140.ca\/index.php?rest_route=\/wp\/v2\/users\/7"}],"replies":[{"embeddable":true,"href":"https:\/\/www.iam140.ca\/index.php?rest_route=%2Fwp%2Fv2%2Fcomments&post=32108"}],"version-history":[{"count":1,"href":"https:\/\/www.iam140.ca\/index.php?rest_route=\/wp\/v2\/posts\/32108\/revisions"}],"predecessor-version":[{"id":32111,"href":"https:\/\/www.iam140.ca\/index.php?rest_route=\/wp\/v2\/posts\/32108\/revisions\/32111"}],"wp:featuredmedia":[{"embeddable":true,"href":"https:\/\/www.iam140.ca\/index.php?rest_route=\/wp\/v2\/media\/31770"}],"wp:attachment":[{"href":"https:\/\/www.iam140.ca\/index.php?rest_route=%2Fwp%2Fv2%2Fmedia&parent=32108"}],"wp:term":[{"taxonomy":"category","embeddable":true,"href":"https:\/\/www.iam140.ca\/index.php?rest_route=%2Fwp%2Fv2%2Fcategories&post=32108"},{"taxonomy":"post_tag","embeddable":true,"href":"https:\/\/www.iam140.ca\/index.php?rest_route=%2Fwp%2Fv2%2Ftags&post=32108"}],"curies":[{"name":"wp","href":"https:\/\/api.w.org\/{rel}","templated":true}]}}