{"id":31924,"date":"2025-04-10T17:05:14","date_gmt":"2025-04-11T00:05:14","guid":{"rendered":"https:\/\/www.iam140.ca\/?p=31924"},"modified":"2025-04-10T17:03:12","modified_gmt":"2025-04-11T00:03:12","slug":"iam-canada-roya-rismankar-designee-analyste-de-recherche-a-liam-canada","status":"publish","type":"post","link":"https:\/\/www.iam140.ca\/?p=31924&lang=fr","title":{"rendered":"IAM Canada &#8211; Roya Rismankar d\u00e9sign\u00e9e Analyste de Recherche \u00e0 l\u2019IAM Canada"},"content":{"rendered":"\n<p>Le pr\u00e9sident international de l\u2019IAM, Brian Bryant, a nomm\u00e9 Roya Rismankar en tant qu\u2019analyste de recherche dans le territoire canadien, \u00e0 compter du 10 mars 2025.<\/p>\n\n\n\n<p>Rismankar jouera un r\u00f4le cl\u00e9 en fournissant aux membres des informations pr\u00e9cises et opportunes pour soutenir leur r\u00e9ussite.<\/p>\n\n\n\n<p>\u201c<em>Avec son exp\u00e9rience et son engagement, nous sommes convaincus que Roya apportera des contributions significatives \u00e0 nos efforts de recherche et aidera \u00e0 d\u00e9finir des strat\u00e9gies pour faire avancer nos objectifs<\/em>\u201d, a d\u00e9clar\u00e9 David Chartrand, vice-pr\u00e9sident g\u00e9n\u00e9ral canadien de l\u2019IAM.<\/p>\n\n\n\n<p>Rismankar a obtenu son dipl\u00f4me en 2021 et poss\u00e8de quatre ann\u00e9es d\u2019exp\u00e9rience en recherche, sp\u00e9cialis\u00e9e en politique publique. Elle a travaill\u00e9 avec le gouvernement du Canada sur un projet de recherche qualitative en cours pour le Bureau du Conseil priv\u00e9, conseillant le Premier ministre sur des enjeux cl\u00e9s tels que le logement, les prestations gouvernementales et le co\u00fbt de la vie.<\/p>\n\n\n\n<p>\u201c<em>En tant qu\u2019analyste de recherche, il est essentiel pour moi de fournir \u00e0 nos membres des informations pr\u00e9cises et opportunes pour les aider \u00e0 r\u00e9ussir<\/em>\u201d, a d\u00e9clar\u00e9 Rismankar. \u201c<em>Le syndicat de l\u2019IAM continuera de fixer les normes en mati\u00e8re de droits des travailleurs et travailleuses \u00e0 toutes les \u00e9tapes, des salaires et avantages sociaux \u00e0 la retraite et aux pensions. Je suis ravie de commencer mon parcours au sein de l\u2019IAM et de contribuer \u00e0 une cause significative pour amplifier la voix des travailleurs et travailleuses \u00e0 travers le Canada.<\/em>\u201d<\/p>\n\n\n\n<p>En plus de son travail professionnel, Rismankar est activement impliqu\u00e9e dans plusieurs organisations humanitaires, offrant son temps pour soutenir diverses causes.<\/p>\n","protected":false},"excerpt":{"rendered":"<p>Le pr\u00e9sident international de l\u2019IAM, Brian Bryant, a nomm\u00e9 Roya Rismankar en tant qu\u2019analyste de recherche dans le territoire canadien, \u00e0 compter du 10 mars 2025. Rismankar jouera un r\u00f4le cl\u00e9 en fournissant aux membres des informations pr\u00e9cises et opportunes pour soutenir leur r\u00e9ussite. \u201cAvec son exp\u00e9rience et son engagement, nous sommes convaincus que Roya [&hellip;]<\/p>\n","protected":false},"author":7,"featured_media":31925,"comment_status":"closed","ping_status":"closed","sticky":false,"template":"","format":"standard","meta":{"footnotes":""},"categories":[51],"tags":[61,1629,62],"class_list":{"0":"post-31924","1":"post","2":"type-post","3":"status-publish","4":"format-standard","5":"has-post-thumbnail","6":"hentry","7":"category-news","8":"tag-iam","9":"tag-travail","10":"tag-union","12":"post-with-thumbnail","13":"post-with-thumbnail-large"},"_links":{"self":[{"href":"https:\/\/www.iam140.ca\/index.php?rest_route=\/wp\/v2\/posts\/31924","targetHints":{"allow":["GET"]}}],"collection":[{"href":"https:\/\/www.iam140.ca\/index.php?rest_route=\/wp\/v2\/posts"}],"about":[{"href":"https:\/\/www.iam140.ca\/index.php?rest_route=\/wp\/v2\/types\/post"}],"author":[{"embeddable":true,"href":"https:\/\/www.iam140.ca\/index.php?rest_route=\/wp\/v2\/users\/7"}],"replies":[{"embeddable":true,"href":"https:\/\/www.iam140.ca\/index.php?rest_route=%2Fwp%2Fv2%2Fcomments&post=31924"}],"version-history":[{"count":1,"href":"https:\/\/www.iam140.ca\/index.php?rest_route=\/wp\/v2\/posts\/31924\/revisions"}],"predecessor-version":[{"id":31926,"href":"https:\/\/www.iam140.ca\/index.php?rest_route=\/wp\/v2\/posts\/31924\/revisions\/31926"}],"wp:featuredmedia":[{"embeddable":true,"href":"https:\/\/www.iam140.ca\/index.php?rest_route=\/wp\/v2\/media\/31925"}],"wp:attachment":[{"href":"https:\/\/www.iam140.ca\/index.php?rest_route=%2Fwp%2Fv2%2Fmedia&parent=31924"}],"wp:term":[{"taxonomy":"category","embeddable":true,"href":"https:\/\/www.iam140.ca\/index.php?rest_route=%2Fwp%2Fv2%2Fcategories&post=31924"},{"taxonomy":"post_tag","embeddable":true,"href":"https:\/\/www.iam140.ca\/index.php?rest_route=%2Fwp%2Fv2%2Ftags&post=31924"}],"curies":[{"name":"wp","href":"https:\/\/api.w.org\/{rel}","templated":true}]}}