{"id":31920,"date":"2025-04-09T10:49:52","date_gmt":"2025-04-09T17:49:52","guid":{"rendered":"https:\/\/www.iam140.ca\/?p=31920"},"modified":"2025-04-09T10:44:58","modified_gmt":"2025-04-09T17:44:58","slug":"iam-canada-syndicat-de-liam-les-travailleurs-et-travailleuses-americains-et-canadiens-attendent-toujours-davoir-leur-voix-dans-la-politique-tarifaire-et-commerciale","status":"publish","type":"post","link":"https:\/\/www.iam140.ca\/?p=31920&lang=fr","title":{"rendered":"IAM Canada &#8211; Syndicat de l\u2019IAM : Les travailleurs et travailleuses am\u00e9ricains et canadiens attendent toujours d\u2019avoir leur voix dans la politique tarifaire et commerciale"},"content":{"rendered":"\n<p>Brian Bryant, pr\u00e9sident international du syndicat de l\u2019IAM, repr\u00e9sentant 600 000 travailleurs et travailleuses, et David Chartrand, vice-pr\u00e9sident g\u00e9n\u00e9ral canadien de l\u2019IAM, ont publi\u00e9 une d\u00e9claration concernant l\u2019annonce des tarifs douaniers par le pr\u00e9sident Trump :<\/p>\n\n\n\n<p><em>\u201cNous devons confronter l\u2019h\u00e9ritage des politiques commerciales et des mises en \u0153uvre de tarifs qui traitent les travailleurs et travailleuses comme des pions. L\u2019annonce d\u2019aujourd\u2019hui sur les tarifs va \u00e9roder les relations et diminuer la dignit\u00e9 humaine et le respect des travailleurs et travailleuses \u00e0 travers l\u2019Am\u00e9rique du Nord.<\/em><\/p>\n\n\n\n<p><em>\u201cImposer des tarifs au Canada serait contre-productif et nuirait des deux c\u00f4t\u00e9s \u00e0 long terme.<\/em><\/p>\n\n\n\n<p><em>\u201c Le syndicat de l\u2019IAM continuera \u00e0 s\u2019opposer \u00e0 cette guerre commerciale \u00e0 court terme et se battra pour une strat\u00e9gie globale et \u00e0 long terme qui renforce la fabrication et priorise les int\u00e9r\u00eats des travailleurs et travailleuses am\u00e9ricains et canadiens.\u201d<\/em><\/p>\n\n\n\n<p>Le syndicat de L\u2019IAM est l\u2019un des plus grands et des plus diversifi\u00e9s syndicats industriels d\u2019Am\u00e9rique du Nord, repr\u00e9sentant environ 600 000 membres actifs et retrait\u00e9s dans les secteurs de l\u2019a\u00e9rospatiale, de la d\u00e9fense, des compagnies a\u00e9riennes, des chemins de fer, des transports, de la sant\u00e9, de l\u2019automobile et d\u2019autres industries.<\/p>\n","protected":false},"excerpt":{"rendered":"<p>Brian Bryant, pr\u00e9sident international du syndicat de l\u2019IAM, repr\u00e9sentant 600 000 travailleurs et travailleuses, et David Chartrand, vice-pr\u00e9sident g\u00e9n\u00e9ral canadien de l\u2019IAM, ont publi\u00e9 une d\u00e9claration concernant l\u2019annonce des tarifs douaniers par le pr\u00e9sident Trump : \u201cNous devons confronter l\u2019h\u00e9ritage des politiques commerciales et des mises en \u0153uvre de tarifs qui traitent les travailleurs et [&hellip;]<\/p>\n","protected":false},"author":7,"featured_media":31914,"comment_status":"closed","ping_status":"closed","sticky":false,"template":"","format":"standard","meta":{"footnotes":""},"categories":[51],"tags":[61,1629,62],"class_list":{"0":"post-31920","1":"post","2":"type-post","3":"status-publish","4":"format-standard","5":"has-post-thumbnail","6":"hentry","7":"category-news","8":"tag-iam","9":"tag-travail","10":"tag-union","12":"post-with-thumbnail","13":"post-with-thumbnail-large"},"_links":{"self":[{"href":"https:\/\/www.iam140.ca\/index.php?rest_route=\/wp\/v2\/posts\/31920","targetHints":{"allow":["GET"]}}],"collection":[{"href":"https:\/\/www.iam140.ca\/index.php?rest_route=\/wp\/v2\/posts"}],"about":[{"href":"https:\/\/www.iam140.ca\/index.php?rest_route=\/wp\/v2\/types\/post"}],"author":[{"embeddable":true,"href":"https:\/\/www.iam140.ca\/index.php?rest_route=\/wp\/v2\/users\/7"}],"replies":[{"embeddable":true,"href":"https:\/\/www.iam140.ca\/index.php?rest_route=%2Fwp%2Fv2%2Fcomments&post=31920"}],"version-history":[{"count":1,"href":"https:\/\/www.iam140.ca\/index.php?rest_route=\/wp\/v2\/posts\/31920\/revisions"}],"predecessor-version":[{"id":31921,"href":"https:\/\/www.iam140.ca\/index.php?rest_route=\/wp\/v2\/posts\/31920\/revisions\/31921"}],"wp:featuredmedia":[{"embeddable":true,"href":"https:\/\/www.iam140.ca\/index.php?rest_route=\/wp\/v2\/media\/31914"}],"wp:attachment":[{"href":"https:\/\/www.iam140.ca\/index.php?rest_route=%2Fwp%2Fv2%2Fmedia&parent=31920"}],"wp:term":[{"taxonomy":"category","embeddable":true,"href":"https:\/\/www.iam140.ca\/index.php?rest_route=%2Fwp%2Fv2%2Fcategories&post=31920"},{"taxonomy":"post_tag","embeddable":true,"href":"https:\/\/www.iam140.ca\/index.php?rest_route=%2Fwp%2Fv2%2Ftags&post=31920"}],"curies":[{"name":"wp","href":"https:\/\/api.w.org\/{rel}","templated":true}]}}