{"id":31913,"date":"2025-04-07T17:17:45","date_gmt":"2025-04-08T00:17:45","guid":{"rendered":"https:\/\/www.iam140.ca\/?p=31913"},"modified":"2025-04-07T17:12:05","modified_gmt":"2025-04-08T00:12:05","slug":"iam-canada-les-tarifs-douaniers-de-trump-sur-le-canada-mettent-en-peril-les-secteurs-de-laerospatiale-de-la-defense-et-de-la-fabrication-tout-en-menacant-la-securite-nationale","status":"publish","type":"post","link":"https:\/\/www.iam140.ca\/?p=31913&lang=fr","title":{"rendered":"IAM Canada &#8211; Les tarifs douaniers de Trump sur le Canada mettent en p\u00e9ril les secteurs de l\u2019a\u00e9rospatiale, de la d\u00e9fense et de la fabrication tout en mena\u00e7ant la s\u00e9curit\u00e9 nationale"},"content":{"rendered":"\n<p>Brian Bryant, pr\u00e9sident international du syndicat de l\u2019IAM, qui repr\u00e9sente 600 000 travailleurs et travailleuses, et David Chartrand, vice-pr\u00e9sident g\u00e9n\u00e9ral canadien de l\u2019IAM, ont \u00e9mis aujourd\u2019hui une r\u00e9primande \u00e0 l\u2019\u00e9gard des tarifs douaniers du pr\u00e9sident Trump, mettant en garde contre de graves cons\u00e9quences \u00e9conomiques et des pertes d\u2019emplois dans l\u2019ensemble des \u00c9tats-Unis et du Canada :&nbsp;<\/p>\n\n\n\n<p>\u201c<em>Les tarifs dispers\u00e9s du pr\u00e9sident Trump sont une attaque directe contre les travailleurs et travailleuses am\u00e9ricains et canadiens. Ils d\u00e9stabiliseront des secteurs essentiels tels que l\u2019a\u00e9rospatiale et la fabrication, mettant en p\u00e9ril des centaines de milliers d\u2019emplois et affaiblisant la s\u00e9curit\u00e9 nationale.<\/em><\/p>\n\n\n\n<p>\u201c<em>Ces droits de douane augmenteront les prix de tous les produits. Ils d\u00e9truiront nos cha\u00eenes d\u2019approvisionnement des deux c\u00f4t\u00e9s de la fronti\u00e8re. Et ils mettront en p\u00e9ril les emplois de nos membres.<\/em><\/p>\n\n\n\n<p>\u201c<em>Pendant des d\u00e9cennies, nous avons assist\u00e9 \u00e0 l\u2019\u00e9rosion de millions d\u2019emplois am\u00e9ricains et canadiens bien r\u00e9mun\u00e9r\u00e9s et hautement qualifi\u00e9s, car les entreprises ont d\u00e9localis\u00e9 leur production dans des pays o\u00f9 les normes du travail \u00e9taient flexibles. Les politiques commerciales de l\u2019administration vont acc\u00e9l\u00e9rer ce d\u00e9clin, en externalisant des milliers d\u2019emplois du syndicat de l\u2019a\u00e9rospatiale et de la d\u00e9fense de l\u2019IAM vers des postes \u00e0 bas salaires.<\/em><\/p>\n\n\n\n<p>\u201c<em>Nous ne pouvons pas rester les bras crois\u00e9s alors que des politiques irresponsables d\u00e9truisent nos cha\u00eenes d\u2019approvisionnement, d\u00e9stabilisent les \u00e9conomies et mettent en p\u00e9ril les moyens de subsistance de dizaines de milliers de travailleurs et travailleuses, y compris plus de 100 000 travailleurs et travailleuses de l\u2019a\u00e9rospatiale dans les deux pays. L\u2019approche isolationniste de cette administration ne tient pas compte de l\u2019interconnexion des \u00e9conomies am\u00e9ricaine et canadienne et de la s\u00e9curit\u00e9 nationale.<\/em><\/p>\n\n\n\n<p>\u201c<em>Notre syndicat continue d\u2019insister sur le besoin urgent d\u2019une approche collaborative et strat\u00e9gique des droits de douane. Cette approche doit impliquer le gouvernement, les entreprises et les syndicats et d\u00e9velopper une strat\u00e9gie globale qui renforce et d\u00e9veloppe les secteurs critiques aux \u00c9tats-Unis et au Canada.<\/em><\/p>\n\n\n\n<p>\u201c&nbsp;<em>Les travailleurs et travailleuses doivent faire partie de la solution pour s\u2019assurer que les politiques commerciales profitent \u00e0 nos communaut\u00e9s, et non aux multinationales qui cherchent \u00e0 exploiter une main-d\u2019\u0153uvre bon march\u00e9 \u00e0 l\u2019\u00e9tranger.<\/em><\/p>\n\n\n\n<p>\u201c&nbsp;<em>Le syndicat de l\u2019IAM s\u2019engage \u00e0 lutter contre ces droits de douane destructeur et \u00e0 emp\u00eacher que ne se r\u00e9p\u00e8tent les \u00e9checs commerciaux du pass\u00e9, qui ont entra\u00een\u00e9 une d\u00e9vastation \u00e9conomique g\u00e9n\u00e9ralis\u00e9e et des risques accrus pour la s\u00e9curit\u00e9 nationale.<\/em><\/p>\n\n\n\n<p><strong><em>L\u2019IAM est l\u2019un des syndicats industriels les plus importants et les plus diversifi\u00e9s d\u2019Am\u00e9rique du Nord, repr\u00e9sentant environ 600 000 membres actifs et retrait\u00e9s dans les secteurs de l\u2019a\u00e9rospatiale, de la d\u00e9fense, des compagnies a\u00e9riennes, des chemins de fer, des transports en commun, des soins de sant\u00e9, de l\u2019automobile et d\u2019autres industries.<\/em><\/strong><\/p>\n","protected":false},"excerpt":{"rendered":"<p>Brian Bryant, pr\u00e9sident international du syndicat de l\u2019IAM, qui repr\u00e9sente 600 000 travailleurs et travailleuses, et David Chartrand, vice-pr\u00e9sident g\u00e9n\u00e9ral canadien de l\u2019IAM, ont \u00e9mis aujourd\u2019hui une r\u00e9primande \u00e0 l\u2019\u00e9gard des tarifs douaniers du pr\u00e9sident Trump, mettant en garde contre de graves cons\u00e9quences \u00e9conomiques et des pertes d\u2019emplois dans l\u2019ensemble des \u00c9tats-Unis et du Canada [&hellip;]<\/p>\n","protected":false},"author":7,"featured_media":31914,"comment_status":"closed","ping_status":"closed","sticky":false,"template":"","format":"standard","meta":{"footnotes":""},"categories":[51],"tags":[],"class_list":{"0":"post-31913","1":"post","2":"type-post","3":"status-publish","4":"format-standard","5":"has-post-thumbnail","6":"hentry","7":"category-news","9":"post-with-thumbnail","10":"post-with-thumbnail-large"},"_links":{"self":[{"href":"https:\/\/www.iam140.ca\/index.php?rest_route=\/wp\/v2\/posts\/31913","targetHints":{"allow":["GET"]}}],"collection":[{"href":"https:\/\/www.iam140.ca\/index.php?rest_route=\/wp\/v2\/posts"}],"about":[{"href":"https:\/\/www.iam140.ca\/index.php?rest_route=\/wp\/v2\/types\/post"}],"author":[{"embeddable":true,"href":"https:\/\/www.iam140.ca\/index.php?rest_route=\/wp\/v2\/users\/7"}],"replies":[{"embeddable":true,"href":"https:\/\/www.iam140.ca\/index.php?rest_route=%2Fwp%2Fv2%2Fcomments&post=31913"}],"version-history":[{"count":1,"href":"https:\/\/www.iam140.ca\/index.php?rest_route=\/wp\/v2\/posts\/31913\/revisions"}],"predecessor-version":[{"id":31915,"href":"https:\/\/www.iam140.ca\/index.php?rest_route=\/wp\/v2\/posts\/31913\/revisions\/31915"}],"wp:featuredmedia":[{"embeddable":true,"href":"https:\/\/www.iam140.ca\/index.php?rest_route=\/wp\/v2\/media\/31914"}],"wp:attachment":[{"href":"https:\/\/www.iam140.ca\/index.php?rest_route=%2Fwp%2Fv2%2Fmedia&parent=31913"}],"wp:term":[{"taxonomy":"category","embeddable":true,"href":"https:\/\/www.iam140.ca\/index.php?rest_route=%2Fwp%2Fv2%2Fcategories&post=31913"},{"taxonomy":"post_tag","embeddable":true,"href":"https:\/\/www.iam140.ca\/index.php?rest_route=%2Fwp%2Fv2%2Ftags&post=31913"}],"curies":[{"name":"wp","href":"https:\/\/api.w.org\/{rel}","templated":true}]}}