{"id":31902,"date":"2025-04-03T18:26:50","date_gmt":"2025-04-04T01:26:50","guid":{"rendered":"https:\/\/www.iam140.ca\/?p=31902"},"modified":"2025-04-03T18:24:48","modified_gmt":"2025-04-04T01:24:48","slug":"iam-canada-le-syndicat-de-liam-prend-une-position-ferme-contre-les-tarifs-nuisibles-sur-le-canadaiam","status":"publish","type":"post","link":"https:\/\/www.iam140.ca\/?p=31902&lang=fr","title":{"rendered":"IAM Canada &#8211; Le syndicat de l\u2019IAM prend une position ferme contre les tarifs nuisibles sur le Canadaiam"},"content":{"rendered":"\n<p>Depuis l\u2019imposition des tarifs sur les importations canadiennes, le syndicat International de l\u2019IAM a \u00e9t\u00e9 un alli\u00e9 in\u00e9branlable du syndicat IAM au Canada, d\u00e9ployant tous ses efforts politiques et de lobbying pour aborder les impacts n\u00e9fastes que ces tarifs ont sur les travailleurs et travailleuses.<\/p>\n\n\n\n<p>Brian Bryant, le pr\u00e9sident international de l\u2019IAM, appelle maintenant le S\u00e9nat am\u00e9ricain \u00e0 adopter la r\u00e9solution S.J. Res. 37, une r\u00e9solution introduite par le s\u00e9nateur Tim Kaine qui \u00e9liminerait ces tarifs injustifi\u00e9s. Repr\u00e9sentant plus de 600 000 travailleurs \u00e0 travers l\u2019Am\u00e9rique du Nord, dont beaucoup sont directement touch\u00e9s par ces politiques commerciales nuisibles, l\u2019IAM s\u2019est constamment battu pour une approche commerciale \u00e9quitable qui profite aux familles ouvri\u00e8res des deux c\u00f4t\u00e9s de la fronti\u00e8re.<\/p>\n\n\n\n<p>Dans une lettre adress\u00e9e aux s\u00e9nateurs am\u00e9ricains, Bryant a soulign\u00e9 l\u2019engagement ferme de l\u2019IAM pour le commerce \u00e9quitable et sa conviction que les tarifs peuvent \u00eatre utilis\u00e9s de mani\u00e8re strat\u00e9gique pour prot\u00e9ger les travailleurs am\u00e9ricains. Cependant, il a insist\u00e9 sur le fait que les tarifs impos\u00e9s au Canada, un alli\u00e9 proche et l\u2019un des plus grands partenaires commerciaux des \u00c9tats-Unis, sont mal orient\u00e9s et nuisibles tant pour les travailleurs am\u00e9ricains que canadiens.<\/p>\n\n\n\n<p>\u201c<em>L\u2019IAM soutient une politique commerciale \u00e9quitable et l\u2019utilisation de mesures telles que les tarifs lorsqu\u2019elles sont utilis\u00e9es de mani\u00e8re appropri\u00e9e pour aider \u00e0 mettre les travailleurs et travailleuses que nous repr\u00e9sentons sur un pied d\u2019\u00e9galit\u00e9\u201d<\/em>, a \u00e9crit Bryant dans sa lettre aux s\u00e9nateurs am\u00e9ricains.&nbsp;<em>\u201cL\u2019utilisation des tarifs peut \u00eatre un moyen efficace d\u2019appliquer la loi pour punir les mauvais acteurs commerciaux tels que les pays qui ne respectent pas les droits des travailleurs et travailleuses. Ces nouveaux tarifs sur le Canada, l\u2019un de nos alli\u00e9s les plus proches et l\u2019un de nos plus grands partenaires commerciaux, sont injustes et auront des impacts n\u00e9gatifs durables sur les travailleurs et travailleuses am\u00e9ricains et canadiens.<\/em>\u201d<\/p>\n\n\n\n<p>Bryant a ajout\u00e9 que la justification de ces tarifs, \u00e9voquant des pr\u00e9occupations concernant le fentanyl, est fondamentalement erron\u00e9e. Les donn\u00e9es des douanes et de la protection des fronti\u00e8res des \u00c9tats-Unis montrent que moins de 1 % des saisies de fentanyl sont li\u00e9es \u00e0 la fronti\u00e8re entre les \u00c9tats-Unis et le Canada, tandis que plus de 96 % proviennent de la fronti\u00e8re sud des \u00c9tats-Unis avec le Mexique. Cette diff\u00e9rence expose le caract\u00e8re infond\u00e9 de l\u2019attaque ciblant le Canada, un partenaire commercial et de d\u00e9fense essentiel.<\/p>\n\n\n\n<p>\u201cL\u2019IAM repr\u00e9sente des travailleurs et travailleuses dans des secteurs cl\u00e9s tels que l\u2019a\u00e9rospatiale, la d\u00e9fense et la fabrication, qui d\u00e9pendent tous fortement de la collaboration fluide entre les \u00c9tats-Unis et le Canada. Ces tarifs perturbent des cha\u00eenes d\u2019approvisionnement vitales, d\u00e9stabilisent les \u00e9conomies et menacent les moyens de subsistance de dizaines de milliers de travailleurs et travailleuses, dont plus de 100 000 travaillent au secteur a\u00e9rospatial des deux nations.\u201d<\/p>\n\n\n\n<p>David Chartrand, vice-pr\u00e9sident g\u00e9n\u00e9ral de l\u2019IAM Canada, a \u00e9galement exprim\u00e9 une forte opposition aux tarifs.&nbsp;<em>\u201cDepuis le tout d\u00e9but, nous avons milit\u00e9 contre ces tarifs nuisibles\u201d,&nbsp;<\/em>a d\u00e9clar\u00e9 Chartrand.<em>&nbsp;\u201cCes mesures nuisent non seulement aux travailleurs et travailleuses au Canada, mais d\u00e9stabilisent \u00e9galement la relation de travail \u00e9troite que nous partageons avec nos homologues am\u00e9ricains. Comme nous l\u2019avons toujours dit, ce qui se passe pour les travailleurs et travailleuses au Canada a un impact direct sur nos confr\u00e8res et cons\u0153urs de l\u2019autre c\u00f4t\u00e9 de la fronti\u00e8re. Il est temps de mettre fin \u00e0 ces politiques injustes et de travailler pour un avenir fond\u00e9 sur l\u2019\u00e9quit\u00e9 et la coop\u00e9ration.\u201d<\/em><\/p>\n\n\n\n<p>L\u2019IAM s\u2019est exprim\u00e9e de mani\u00e8re forte contre les impacts nuisibles des tarifs de l\u2019\u00e8re Trump, appelant \u00e0 un renversement des politiques qui compromettent le bien-\u00eatre \u00e9conomique des travailleurs, travailleuses et des familles. Alors que l\u2019\u00e9conomie mondiale continue de faire face \u00e0 des d\u00e9fis, Bryant et l\u2019IAM exhortent les l\u00e9gislateurs \u00e0 prendre des mesures et \u00e0 soutenir des politiques qui favorisent le commerce \u00e9quitable, prot\u00e8gent les travailleurs et assurent une stabilit\u00e9 \u00e9conomique \u00e0 long terme.<\/p>\n\n\n\n<p>Avec un message clair de solidarit\u00e9, l\u2019IAM appelle le S\u00e9nat am\u00e9ricain \u00e0 soutenir la r\u00e9solution S.J. Res. 37 et \u00e0 mettre fin \u00e0 ces tarifs nuisibles sur le Canada, renfor\u00e7ant ainsi les liens \u00e9conomiques entre les deux nations tout en prot\u00e9geant les int\u00e9r\u00eats des travailleurs et travailleuses.<\/p>\n\n\n\n<p><a href=\"https:\/\/iamaw.ca\/wp-content\/uploads\/2025\/03\/3-25-25_Machinists-Union-Urges-Support-for-SJRes-37_Senate-3.pdf\">Lisez la lettre compl\u00e8te de l\u2019IAM International adress\u00e9e aux s\u00e9nateurs am\u00e9ricains ( en anglais)<\/a><\/p>\n\n\n\n<p><a href=\"https:\/\/www.npr.org\/2025\/03\/05\/nx-s1-5317682\/trump-tariffs-canada-china-mexico-senate-vote\">Lisez l\u2019article dans la presse<\/a><\/p>\n","protected":false},"excerpt":{"rendered":"<p>Depuis l\u2019imposition des tarifs sur les importations canadiennes, le syndicat International de l\u2019IAM a \u00e9t\u00e9 un alli\u00e9 in\u00e9branlable du syndicat IAM au Canada, d\u00e9ployant tous ses efforts politiques et de lobbying pour aborder les impacts n\u00e9fastes que ces tarifs ont sur les travailleurs et travailleuses. Brian Bryant, le pr\u00e9sident international de l\u2019IAM, appelle maintenant le [&hellip;]<\/p>\n","protected":false},"author":7,"featured_media":31903,"comment_status":"closed","ping_status":"closed","sticky":false,"template":"","format":"standard","meta":{"footnotes":""},"categories":[51],"tags":[61,1629],"class_list":{"0":"post-31902","1":"post","2":"type-post","3":"status-publish","4":"format-standard","5":"has-post-thumbnail","6":"hentry","7":"category-news","8":"tag-iam","9":"tag-travail","11":"post-with-thumbnail","12":"post-with-thumbnail-large"},"_links":{"self":[{"href":"https:\/\/www.iam140.ca\/index.php?rest_route=\/wp\/v2\/posts\/31902","targetHints":{"allow":["GET"]}}],"collection":[{"href":"https:\/\/www.iam140.ca\/index.php?rest_route=\/wp\/v2\/posts"}],"about":[{"href":"https:\/\/www.iam140.ca\/index.php?rest_route=\/wp\/v2\/types\/post"}],"author":[{"embeddable":true,"href":"https:\/\/www.iam140.ca\/index.php?rest_route=\/wp\/v2\/users\/7"}],"replies":[{"embeddable":true,"href":"https:\/\/www.iam140.ca\/index.php?rest_route=%2Fwp%2Fv2%2Fcomments&post=31902"}],"version-history":[{"count":1,"href":"https:\/\/www.iam140.ca\/index.php?rest_route=\/wp\/v2\/posts\/31902\/revisions"}],"predecessor-version":[{"id":31904,"href":"https:\/\/www.iam140.ca\/index.php?rest_route=\/wp\/v2\/posts\/31902\/revisions\/31904"}],"wp:featuredmedia":[{"embeddable":true,"href":"https:\/\/www.iam140.ca\/index.php?rest_route=\/wp\/v2\/media\/31903"}],"wp:attachment":[{"href":"https:\/\/www.iam140.ca\/index.php?rest_route=%2Fwp%2Fv2%2Fmedia&parent=31902"}],"wp:term":[{"taxonomy":"category","embeddable":true,"href":"https:\/\/www.iam140.ca\/index.php?rest_route=%2Fwp%2Fv2%2Fcategories&post=31902"},{"taxonomy":"post_tag","embeddable":true,"href":"https:\/\/www.iam140.ca\/index.php?rest_route=%2Fwp%2Fv2%2Ftags&post=31902"}],"curies":[{"name":"wp","href":"https:\/\/api.w.org\/{rel}","templated":true}]}}