{"id":31881,"date":"2025-03-31T17:23:33","date_gmt":"2025-04-01T00:23:33","guid":{"rendered":"https:\/\/www.iam140.ca\/?p=31881"},"modified":"2025-03-31T17:20:16","modified_gmt":"2025-04-01T00:20:16","slug":"iam-canada-le-message-est-clair-la-solidarite-ne-connait-pas-de-frontieres","status":"publish","type":"post","link":"https:\/\/www.iam140.ca\/?p=31881&lang=fr","title":{"rendered":"IAM Canada &#8211; Le message est clair : La solidarit\u00e9 ne conna\u00eet pas de fronti\u00e8res"},"content":{"rendered":"\n<p>Alors que les tensions entre les \u00c9tats-Unis et le Canada s\u2019intensifient en raison des politiques de l\u2019administration actuelle, il est important de se rappeler que de nombreux Am\u00e9ricains ne soutiennent pas les actions de leur gouvernement envers leurs voisins canadiens. Beaucoup de Canadiens ignorent peut-\u00eatre le soutien significatif qu\u2019ils re\u00e7oivent de leurs homologues am\u00e9ricains. Lors de la r\u00e9cente conf\u00e9rence de la MNPL \u00e0 La Nouvelle-Orl\u00e9ans, le syndicat de l\u2019IAM a renforc\u00e9 l\u2019id\u00e9e que l\u2019unit\u00e9 et la solidarit\u00e9 vont au-del\u00e0 des divisions politiques.<\/p>\n\n\n\n<p>Lors de l\u2019\u00e9v\u00e9nement, le pr\u00e9sident international du syndicat de l\u2019IAM, Brian Bryant, a tenu un discours en soutien aux travailleurs et travailleuses canadiens. Il a soulign\u00e9 qu\u2019en d\u00e9pit des d\u00e9fis politiques, nous sommes tous unis dans la lutte pour les droits des travailleurs et travailleuses. La conf\u00e9rence a mis en avant que notre force collective d\u00e9passe toute fronti\u00e8re nationale. Que ce soit au Canada ou aux \u00c9tats-Unis, la v\u00e9ritable puissance de notre syndicat r\u00e9side dans l\u2019unit\u00e9 de ses membres.<\/p>\n\n\n\n<p>Lors de la conf\u00e9rence, le vice-pr\u00e9sident g\u00e9n\u00e9ral canadien du syndicat de l\u2019IAM, David Chartrand, a \u00e9t\u00e9 accueilli par une ovation des d\u00e9l\u00e9gu\u00e9s, en soutien au Canada, symbolisant le lien fort entre les deux nations dans la qu\u00eate de justice et d\u2019\u00e9galit\u00e9. Le pr\u00e9sident international a \u00e9galement saisi l\u2019occasion pour exprimer son soutien au Canada, en particulier contre les tarifs qui nuisent non seulement aux travailleurs et travailleuses canadiens mais \u00e0 la force collective des travailleurs et travailleuses partout.<\/p>\n\n\n\n<p>Soutenir ces mouvements est essentiel, mais nous devons \u00e9galement nous rappeler que les luttes de nos confr\u00e8res et cons\u0153urs de l\u2019autre c\u00f4t\u00e9 de la fronti\u00e8re sont aussi les notres. Ces d\u00e9fis ne s\u2019arr\u00eatent pas \u00e0 la fronti\u00e8re. Ils nous affectent tous.<\/p>\n\n\n\n<p>Unis, nous pouvons garantir que la force de notre main-d\u2019\u0153uvre reste in\u00e9branlable. La mission du syndicat de l\u2019IAM transcende les fronti\u00e8res nationales, les divisions politiques et les lignes de parti.<\/p>\n\n\n\n<p>Aujourd\u2019hui plus que jamais, la solidarit\u00e9 est essentielle.<\/p>\n","protected":false},"excerpt":{"rendered":"<p>Alors que les tensions entre les \u00c9tats-Unis et le Canada s\u2019intensifient en raison des politiques de l\u2019administration actuelle, il est important de se rappeler que de nombreux Am\u00e9ricains ne soutiennent pas les actions de leur gouvernement envers leurs voisins canadiens. Beaucoup de Canadiens ignorent peut-\u00eatre le soutien significatif qu\u2019ils re\u00e7oivent de leurs homologues am\u00e9ricains. Lors [&hellip;]<\/p>\n","protected":false},"author":7,"featured_media":31882,"comment_status":"closed","ping_status":"closed","sticky":false,"template":"","format":"standard","meta":{"iawp_total_views":0,"footnotes":""},"categories":[51],"tags":[63,61],"class_list":{"0":"post-31881","1":"post","2":"type-post","3":"status-publish","4":"format-standard","5":"has-post-thumbnail","6":"hentry","7":"category-news","8":"tag-canada","9":"tag-iam","11":"post-with-thumbnail","12":"post-with-thumbnail-large"},"_links":{"self":[{"href":"https:\/\/www.iam140.ca\/index.php?rest_route=\/wp\/v2\/posts\/31881","targetHints":{"allow":["GET"]}}],"collection":[{"href":"https:\/\/www.iam140.ca\/index.php?rest_route=\/wp\/v2\/posts"}],"about":[{"href":"https:\/\/www.iam140.ca\/index.php?rest_route=\/wp\/v2\/types\/post"}],"author":[{"embeddable":true,"href":"https:\/\/www.iam140.ca\/index.php?rest_route=\/wp\/v2\/users\/7"}],"replies":[{"embeddable":true,"href":"https:\/\/www.iam140.ca\/index.php?rest_route=%2Fwp%2Fv2%2Fcomments&post=31881"}],"version-history":[{"count":1,"href":"https:\/\/www.iam140.ca\/index.php?rest_route=\/wp\/v2\/posts\/31881\/revisions"}],"predecessor-version":[{"id":31883,"href":"https:\/\/www.iam140.ca\/index.php?rest_route=\/wp\/v2\/posts\/31881\/revisions\/31883"}],"wp:featuredmedia":[{"embeddable":true,"href":"https:\/\/www.iam140.ca\/index.php?rest_route=\/wp\/v2\/media\/31882"}],"wp:attachment":[{"href":"https:\/\/www.iam140.ca\/index.php?rest_route=%2Fwp%2Fv2%2Fmedia&parent=31881"}],"wp:term":[{"taxonomy":"category","embeddable":true,"href":"https:\/\/www.iam140.ca\/index.php?rest_route=%2Fwp%2Fv2%2Fcategories&post=31881"},{"taxonomy":"post_tag","embeddable":true,"href":"https:\/\/www.iam140.ca\/index.php?rest_route=%2Fwp%2Fv2%2Ftags&post=31881"}],"curies":[{"name":"wp","href":"https:\/\/api.w.org\/{rel}","templated":true}]}}