{"id":31874,"date":"2025-03-31T17:12:36","date_gmt":"2025-04-01T00:12:36","guid":{"rendered":"https:\/\/www.iam140.ca\/?p=31874"},"modified":"2025-03-31T17:10:04","modified_gmt":"2025-04-01T00:10:04","slug":"iam-canada-le-syndicat-de-liam-reprimande-les-politiques-erratiques-de-droits-de-douane-du-president-trump-alors-que-lanxiete-economique-pour-les-familles-de-travailleurs-et-travai","status":"publish","type":"post","link":"https:\/\/www.iam140.ca\/?p=31874&lang=fr","title":{"rendered":"IAM Canada &#8211; Le syndicat de l\u2019IAM r\u00e9primande les politiques erratiques de droits de douane du pr\u00e9sident Trump alors que l\u2019anxi\u00e9t\u00e9 \u00e9conomique pour les familles de travailleurs et travailleuses continue de cro\u00eetre"},"content":{"rendered":"\n<p>Brian Bryant, pr\u00e9sident international du syndicat de l\u2019IAM comptant 600 000 membres, et David Chartrand, vice-pr\u00e9sident g\u00e9n\u00e9ral de l\u2019IAM pour le Canada, ont publi\u00e9 la d\u00e9claration suivante pour critiquer les politiques erratiques de droits de douane du pr\u00e9sident Trump, qui cr\u00e9ent de l\u2019anxi\u00e9t\u00e9 pour des millions de travailleurs et travailleuses \u00e0 travers le Canada et les \u00c9tats-Unis :<\/p>\n\n\n\n<p>\u201cL\u2019approche erratique de l\u2019administration Trump en mati\u00e8re de droits de douane fait des ravages sur les travailleurs, travailleuses et les entreprises aux \u00c9tats-Unis et au Canada. Cette politique commerciale imprudente cr\u00e9e une incertitude \u00e9conomique inutile, menace les emplois bien r\u00e9mun\u00e9r\u00e9s et perturbe des secteurs qui d\u00e9pendent d\u2019une cha\u00eene d\u2019approvisionnement nord-am\u00e9ricaine stable et coop\u00e9rative.<\/p>\n\n\n\n<p>\u201c Le syndicat de l\u2019IAM appel \u00e0 une fin imm\u00e9diate et permanente de ces droits de douane nuisibles. Le Canada n\u2019est pas un adversaire \u2014 c\u2019est l\u2019un de nos alli\u00e9s les plus proches et nos plus grands partenaires commerciaux. Au lieu d\u2019utiliser les droits de douane comme une arme politique, l\u2019administration Trump devrait se concentrer sur des politiques renfor\u00e7ant les liens \u00e9conomiques entre nos nations et prot\u00e9geant les moyens de subsistance des travailleurs et travailleuses dans les secteurs de l\u2019a\u00e9rospatiale, de la d\u00e9fense et de la fabrication.<\/p>\n\n\n\n<p>\u201cLes membres de l\u2019IAM exigent une strat\u00e9gie commerciale qui place les travailleurs et travailleuses au premier plan, favorise la croissance \u00e9conomique \u00e0 long terme et renforce notre base manufacturi\u00e8re des deux c\u00f4t\u00e9s de la fronti\u00e8re.<\/p>\n\n\n\n<p>\u201cIl est temps de faire preuve de v\u00e9ritable leadership. Des vies r\u00e9elles sont en jeu. Nous incitons le pr\u00e9sident Trump et ses conseillers commerciaux \u00e0 s\u2019asseoir avec toutes les parties prenantes \u2014 gouvernement, entreprises, travailleurs et travailleuses \u2014 pour travailler ensemble sur un plan global garantissant la stabilit\u00e9, la croissance et la s\u00e9curit\u00e9 des emplois pour les travailleurs et travailleuses \u00e0 travers l\u2019Am\u00e9rique du Nord.\u201d<\/p>\n\n\n\n<p><em>L\u2019IAM est l\u2019un des plus grands et des plus diversifi\u00e9s syndicats industriels d\u2019Am\u00e9rique du Nord, repr\u00e9sentant environ 600 000 membres actifs et retrait\u00e9s dans les secteurs de l\u2019a\u00e9rospatiale, de la d\u00e9fense, des compagnies a\u00e9riennes, des chemins de fer, des transports, des soins de sant\u00e9, de l\u2019automobile et d\u2019autres industries aux \u00c9tats-Unis et au Canada.<\/em><\/p>\n","protected":false},"excerpt":{"rendered":"<p>Brian Bryant, pr\u00e9sident international du syndicat de l\u2019IAM comptant 600 000 membres, et David Chartrand, vice-pr\u00e9sident g\u00e9n\u00e9ral de l\u2019IAM pour le Canada, ont publi\u00e9 la d\u00e9claration suivante pour critiquer les politiques erratiques de droits de douane du pr\u00e9sident Trump, qui cr\u00e9ent de l\u2019anxi\u00e9t\u00e9 pour des millions de travailleurs et travailleuses \u00e0 travers le Canada et [&hellip;]<\/p>\n","protected":false},"author":7,"featured_media":31875,"comment_status":"closed","ping_status":"closed","sticky":false,"template":"","format":"standard","meta":{"footnotes":""},"categories":[51],"tags":[61],"class_list":{"0":"post-31874","1":"post","2":"type-post","3":"status-publish","4":"format-standard","5":"has-post-thumbnail","6":"hentry","7":"category-news","8":"tag-iam","10":"post-with-thumbnail","11":"post-with-thumbnail-large"},"_links":{"self":[{"href":"https:\/\/www.iam140.ca\/index.php?rest_route=\/wp\/v2\/posts\/31874","targetHints":{"allow":["GET"]}}],"collection":[{"href":"https:\/\/www.iam140.ca\/index.php?rest_route=\/wp\/v2\/posts"}],"about":[{"href":"https:\/\/www.iam140.ca\/index.php?rest_route=\/wp\/v2\/types\/post"}],"author":[{"embeddable":true,"href":"https:\/\/www.iam140.ca\/index.php?rest_route=\/wp\/v2\/users\/7"}],"replies":[{"embeddable":true,"href":"https:\/\/www.iam140.ca\/index.php?rest_route=%2Fwp%2Fv2%2Fcomments&post=31874"}],"version-history":[{"count":1,"href":"https:\/\/www.iam140.ca\/index.php?rest_route=\/wp\/v2\/posts\/31874\/revisions"}],"predecessor-version":[{"id":31876,"href":"https:\/\/www.iam140.ca\/index.php?rest_route=\/wp\/v2\/posts\/31874\/revisions\/31876"}],"wp:featuredmedia":[{"embeddable":true,"href":"https:\/\/www.iam140.ca\/index.php?rest_route=\/wp\/v2\/media\/31875"}],"wp:attachment":[{"href":"https:\/\/www.iam140.ca\/index.php?rest_route=%2Fwp%2Fv2%2Fmedia&parent=31874"}],"wp:term":[{"taxonomy":"category","embeddable":true,"href":"https:\/\/www.iam140.ca\/index.php?rest_route=%2Fwp%2Fv2%2Fcategories&post=31874"},{"taxonomy":"post_tag","embeddable":true,"href":"https:\/\/www.iam140.ca\/index.php?rest_route=%2Fwp%2Fv2%2Ftags&post=31874"}],"curies":[{"name":"wp","href":"https:\/\/api.w.org\/{rel}","templated":true}]}}