{"id":31727,"date":"2025-03-09T03:51:21","date_gmt":"2025-03-09T10:51:21","guid":{"rendered":"https:\/\/www.iam140.ca\/?p=31727"},"modified":"2025-03-09T03:48:27","modified_gmt":"2025-03-09T10:48:27","slug":"iam-le-syndicat-canada-liam-lance-sa-video-pour-la-journee-internationale-des-femmes","status":"publish","type":"post","link":"https:\/\/www.iam140.ca\/?p=31727&lang=fr","title":{"rendered":"IAM Le Syndicat Canada &#8211; L&#8217;IAM lance sa vid\u00e9o pour la Journ\u00e9e Internationale des Femmes"},"content":{"rendered":"<p>En cette Journ\u00e9e Internationale des Femmes (JIF), le 8 mars, nous c\u00e9l\u00e9brons fi\u00e8rement les femmes incroyables du syndicat de l&#8217;IAM.<\/p>\n<p>Nous honorons leur force, leur d\u00e9vouement et leur leadership, en reconnaissant le travail acharn\u00e9 et la r\u00e9silience qu&#8217;elles apportent \u00e0 notre communaut\u00e9.<\/p>\n<p>Nous leur sommes reconnaissants pour tout ce qu&#8217;elles font, pas seulement aujourd&#8217;hui, mais chaque jour.<\/p>\n<p>Merci de fa\u00e7onner l&#8217;avenir de notre syndicat et de nous inspirer tous par votre engagement.<\/p>\n<p><iframe loading=\"lazy\" title=\"IAM UNE FEMME\" width=\"720\" height=\"405\" src=\"https:\/\/www.youtube.com\/embed\/wSUBHd4oBsE?feature=oembed\" frameborder=\"0\" allow=\"accelerometer; autoplay; clipboard-write; encrypted-media; gyroscope; picture-in-picture; web-share\" referrerpolicy=\"strict-origin-when-cross-origin\" allowfullscreen><\/iframe><\/p>\n","protected":false},"excerpt":{"rendered":"<p>En cette Journ\u00e9e Internationale des Femmes (JIF), le 8 mars, nous c\u00e9l\u00e9brons fi\u00e8rement les femmes incroyables du syndicat de l&#8217;IAM. Nous honorons leur force, leur d\u00e9vouement et leur leadership, en reconnaissant le travail acharn\u00e9 et la r\u00e9silience qu&#8217;elles apportent \u00e0 notre communaut\u00e9. Nous leur sommes reconnaissants pour tout ce qu&#8217;elles font, pas seulement aujourd&#8217;hui, mais [&hellip;]<\/p>\n","protected":false},"author":7,"featured_media":31725,"comment_status":"closed","ping_status":"closed","sticky":false,"template":"","format":"standard","meta":{"iawp_total_views":0,"footnotes":""},"categories":[],"tags":[55,63,1499,72,62],"class_list":{"0":"post-31727","1":"post","2":"type-post","3":"status-publish","4":"format-standard","5":"has-post-thumbnail","6":"hentry","7":"tag-aim","8":"tag-canada","9":"tag-d140","10":"tag-labour","11":"tag-union","13":"post-with-thumbnail","14":"post-with-thumbnail-large"},"_links":{"self":[{"href":"https:\/\/www.iam140.ca\/index.php?rest_route=\/wp\/v2\/posts\/31727","targetHints":{"allow":["GET"]}}],"collection":[{"href":"https:\/\/www.iam140.ca\/index.php?rest_route=\/wp\/v2\/posts"}],"about":[{"href":"https:\/\/www.iam140.ca\/index.php?rest_route=\/wp\/v2\/types\/post"}],"author":[{"embeddable":true,"href":"https:\/\/www.iam140.ca\/index.php?rest_route=\/wp\/v2\/users\/7"}],"replies":[{"embeddable":true,"href":"https:\/\/www.iam140.ca\/index.php?rest_route=%2Fwp%2Fv2%2Fcomments&post=31727"}],"version-history":[{"count":1,"href":"https:\/\/www.iam140.ca\/index.php?rest_route=\/wp\/v2\/posts\/31727\/revisions"}],"predecessor-version":[{"id":31728,"href":"https:\/\/www.iam140.ca\/index.php?rest_route=\/wp\/v2\/posts\/31727\/revisions\/31728"}],"wp:featuredmedia":[{"embeddable":true,"href":"https:\/\/www.iam140.ca\/index.php?rest_route=\/wp\/v2\/media\/31725"}],"wp:attachment":[{"href":"https:\/\/www.iam140.ca\/index.php?rest_route=%2Fwp%2Fv2%2Fmedia&parent=31727"}],"wp:term":[{"taxonomy":"category","embeddable":true,"href":"https:\/\/www.iam140.ca\/index.php?rest_route=%2Fwp%2Fv2%2Fcategories&post=31727"},{"taxonomy":"post_tag","embeddable":true,"href":"https:\/\/www.iam140.ca\/index.php?rest_route=%2Fwp%2Fv2%2Ftags&post=31727"}],"curies":[{"name":"wp","href":"https:\/\/api.w.org\/{rel}","templated":true}]}}