{"id":31652,"date":"2025-02-11T19:52:38","date_gmt":"2025-02-12T02:52:38","guid":{"rendered":"http:\/\/district140.iamaw.ca\/?p=31652"},"modified":"2025-02-11T19:50:10","modified_gmt":"2025-02-12T02:50:10","slug":"aim-canada-il-est-temps-de-mettre-les-travailleurs-et-travailleuses-au-centre-des-discussions-sur-les-tarifs-et-le-commerce","status":"publish","type":"post","link":"https:\/\/www.iam140.ca\/?p=31652&lang=fr","title":{"rendered":"AIM Canada &#8211; Il est temps de mettre les travailleurs et travailleuses au centre des discussions sur les tarifs et le commerce"},"content":{"rendered":"<p><strong>Publi\u00e9 le 11 f\u00e9vrier 2025 \u00e0 16h23 sur Newsweek.com<br \/>\n<\/strong><br \/>\nL\u2019IAM qui compte 600 000 membres et a \u00e9t\u00e9 pendant des d\u00e9cennies le plus grand syndicat des travailleurs et travailleuses de l\u2019a\u00e9rospatiale et de la d\u00e9fense aux \u00c9tats-Unis et au Canada, se r\u00e9jouit que le pr\u00e9sident Donald Trump ait suspendu sa guerre tarifaire avec le Canada.<\/p>\n<p>L\u2019IAM soutient l\u2019utilisation strat\u00e9gique des tarifs pour reconstruire l\u2019industrie manufacturi\u00e8re nationale, faire respecter les droits des travailleurs et travailleuses et mettre fin \u00e0 la fraude commerciale. Cependant, l\u2019imposition de tarifs sur les biens \u00e9chang\u00e9s entre les \u00c9tats-Unis et le Canada fera augmenter les prix et nuira \u00e0 la demande, ce qui entra\u00eenera des pertes d\u2019emplois dans plusieurs secteurs des deux pays.<\/p>\n<p>En ce qui concerne le commerce a\u00e9rospatial entre les \u00c9tats-Unis et le Canada, par exemple, les tarifs propos\u00e9s de 25 % seraient fatal.<\/p>\n<p>Les tarifs propos\u00e9s seraient une menace pour les moyens de subsistance et les familles des travailleurs et travailleuses de la fabrication et d\u2019autres secteurs dans l\u2019a\u00e9rospatiale et la d\u00e9fense dans les deux pays, ainsi que pour l\u2019avenir d\u2019une industrie vitale pour la s\u00e9curit\u00e9 nationale, les transports et l\u2019innovation.<\/p>\n<p>Nos membres assemblent des a\u00e9ronefs civils et militaires, construisent des missiles et des fus\u00e9es, et fabriquent des pi\u00e8ces et des composants. Ils assurent \u00e9galement la maintenance, la r\u00e9paration et la r\u00e9vision techniques de ces \u00e9quipements.<\/p>\n<p>Nos travailleurs et travailleuses ont d\u00e9j\u00e0 \u00e9t\u00e9 durement touch\u00e9s par des d\u00e9cennies d\u2019accords commerciaux et de politiques d\u00e9s\u00e9quilibr\u00e9s et non appliqu\u00e9s. Nous avons assist\u00e9 \u00e0 la d\u00e9localisation massive d\u2019emplois vitaux dans l\u2019industrie a\u00e9rospatiale, en raison de politiques commerciales qui ont trait\u00e9 les travailleurs et travailleuses comme des pions. Des millions d\u2019emplois bien r\u00e9mun\u00e9r\u00e9s et hautement qualifi\u00e9s aux \u00c9tats-Unis et au Canada ont \u00e9t\u00e9 transf\u00e9r\u00e9s dans des pays o\u00f9 les travailleurs et travailleuses ont peu ou pas de droits du travail, ce qui permet de maintenir des salaires bas et des conditions de travail dangereuses.<\/p>\n<p>Les tarifs propos\u00e9s seraient une attaque directe contre les cha\u00eenes d\u2019approvisionnement profond\u00e9ment int\u00e9gr\u00e9es qui constituent le pilier de la fabrication a\u00e9rospatiale. Les cons\u00e9quences pourraient \u00eatre d\u00e9vastatrices : des retards de production et un manque de pr\u00e9paration militaire, des co\u00fbts accrus et, surtout, la perte potentielle de milliers d\u2019emplois syndiqu\u00e9s par l\u2019IAM dans l\u2019a\u00e9rospatiale, la construction navale et la fabrication de mat\u00e9riel de d\u00e9fense aux \u00c9tats-Unis et au Canada.<\/p>\n<p>Pourquoi ? Les industries a\u00e9rospatiales des \u00c9tats-Unis et du Canada sont \u00e9troitement li\u00e9es. De nombreux a\u00e9ronefs canadiens contiennent de nombreuses pi\u00e8ces fabriqu\u00e9es aux \u00c9tats-Unis. Les entreprises canadiennes se procurent des composants aupr\u00e8s de grandes entreprises am\u00e9ricaines ainsi que de nombreuses petites et moyennes entreprises dans tous les \u00c9tats am\u00e9ricains. Cette relation symbiotique signifie \u00e9galement que les entreprises canadiennes de l\u2019a\u00e9rospatiale et de la d\u00e9fense emploient un nombre important de personnes aux \u00c9tats-Unis.<\/p>\n<p>Imposer des tarifs au Canada perturberait les exportations am\u00e9ricaines, briserait des cha\u00eenes d\u2019approvisionnement bien \u00e9tablies et nuirait \u00e0 la comp\u00e9titivit\u00e9 de nos industries a\u00e9rospatiales et de d\u00e9fense, au moment m\u00eame o\u00f9 la Chine r\u00e9alise des investissements historiques pour d\u00e9velopper sa propre capacit\u00e9 a\u00e9rienne et maritime.<\/p>\n<p>En effet, selon l\u2019Administration du commerce international des \u00c9tats-Unis, le Canada est la deuxi\u00e8me destination des exportations am\u00e9ricaines d\u2019a\u00e9ronefs civils, de moteurs et de pi\u00e8ces, tandis que les \u00c9tats-Unis sont la principale destination des exportations canadiennes dans ce domaine.<\/p>\n<p>Les tarifs d\u00e9vasteraient une industrie qui contribue pour plus de 874 milliards de dollars \u00e0 l\u2019\u00e9conomie am\u00e9ricaine et pr\u00e8s de 30 milliards de dollars au PIB du Canada. Elle soutient \u00e9galement plus de 2 millions de travailleurs et travailleuses am\u00e9ricains dans des emplois bien r\u00e9mun\u00e9r\u00e9s, d\u2019une valeur moyenne de 104 577 $ en salaires et avantages sociaux, et 218 000 de ces emplois au Canada.<\/p>\n<p>Les industries a\u00e9rospatiales et de d\u00e9fense des \u00c9tats-Unis et du Canada sont un rare point lumineux\u2014ensemble, nous exportons plus que nous n\u2019importons. De plus, le commerce des biens entre les \u00c9tats-Unis et le Canada est \u00e9quilibr\u00e9 si l\u2019on exclut les exportations de p\u00e9trole canadien. Ces tarifs pourraient d\u00e9truire ce succ\u00e8s.<\/p>\n<p>Plut\u00f4t que de se lancer dans des guerres commerciales \u00e0 court terme, nous avons besoin d\u2019une strat\u00e9gie globale et \u00e0 long terme qui renforce la fabrication et donne la priorit\u00e9 aux int\u00e9r\u00eats des travailleurs et travailleuses. Ce r\u00e9pit offre l\u2019occasion aux travailleurs, travailleuses et aux syndicats des deux pays de participer \u00e0 l\u2019\u00e9laboration de ces solutions.<\/p>\n<p>Une nouvelle strat\u00e9gie n\u00e9cessite un changement fondamental d\u2019approche.<\/p>\n<p>Nous avons besoin d\u2019un front uni\u2014gouvernement, entreprises, associations industrielles et travail\u2014travaillant ensemble pour forger une politique commerciale qui b\u00e9n\u00e9ficie \u00e0 toutes les parties prenantes. Les travailleurs et travailleuses doivent avoir une voix dans les d\u00e9cisions qui affectent directement leur vie et leurs moyens de subsistance, et ne doivent pas \u00eatre trait\u00e9s comme des instruments de n\u00e9gociation.<\/p>\n<p>La main-d\u2019\u0153uvre hautement qualifi\u00e9e et exp\u00e9riment\u00e9e de l\u2019IAM a beaucoup \u00e0 apporter \u00e0 la cr\u00e9ation d\u2019une approche gagnante. Nous sommes pr\u00eats \u00e0 engager des discussions significatives avec les dirigeants de nos nations, partager notre expertise et travailler vers des solutions qui garantissent un avenir stable et prosp\u00e8re pour l\u2019a\u00e9rospatiale, la d\u00e9fense et la fabrication aux \u00c9tats-Unis et au Canada.<\/p>\n<p>Pour d\u00e9fendre nos nations, maintenir notre position mondiale et reconstruire notre capacit\u00e9 de production et nos cha\u00eenes d\u2019approvisionnement r\u00e9silientes, nous devons investir dans la formation des g\u00e9n\u00e9rations futures de travailleurs et travailleuses bien form\u00e9s.<\/p>\n<p>Il ne s\u2019agit pas seulement de prot\u00e9ger les emplois. L\u2019enjeu est de pr\u00e9server et de renforcer un secteur critique qui contribue de mani\u00e8re significative aux \u00e9conomies et \u00e0 la s\u00e9curit\u00e9 nationale des \u00c9tats-Unis et du Canada.<\/p>\n","protected":false},"excerpt":{"rendered":"<p>Publi\u00e9 le 11 f\u00e9vrier 2025 \u00e0 16h23 sur Newsweek.com L\u2019IAM qui compte 600 000 membres et a \u00e9t\u00e9 pendant des d\u00e9cennies le plus grand syndicat des travailleurs et travailleuses de l\u2019a\u00e9rospatiale et de la d\u00e9fense aux \u00c9tats-Unis et au Canada, se r\u00e9jouit que le pr\u00e9sident Donald Trump ait suspendu sa guerre tarifaire avec le Canada. [&hellip;]<\/p>\n","protected":false},"author":7,"featured_media":31651,"comment_status":"closed","ping_status":"closed","sticky":false,"template":"","format":"standard","meta":{"footnotes":""},"categories":[],"tags":[55,63,79,67,72,62],"class_list":{"0":"post-31652","1":"post","2":"type-post","3":"status-publish","4":"format-standard","5":"has-post-thumbnail","6":"hentry","7":"tag-aim","8":"tag-canada","9":"tag-cdnpoli","10":"tag-dl140","11":"tag-labour","12":"tag-union","14":"post-with-thumbnail","15":"post-with-thumbnail-large"},"_links":{"self":[{"href":"https:\/\/www.iam140.ca\/index.php?rest_route=\/wp\/v2\/posts\/31652","targetHints":{"allow":["GET"]}}],"collection":[{"href":"https:\/\/www.iam140.ca\/index.php?rest_route=\/wp\/v2\/posts"}],"about":[{"href":"https:\/\/www.iam140.ca\/index.php?rest_route=\/wp\/v2\/types\/post"}],"author":[{"embeddable":true,"href":"https:\/\/www.iam140.ca\/index.php?rest_route=\/wp\/v2\/users\/7"}],"replies":[{"embeddable":true,"href":"https:\/\/www.iam140.ca\/index.php?rest_route=%2Fwp%2Fv2%2Fcomments&post=31652"}],"version-history":[{"count":1,"href":"https:\/\/www.iam140.ca\/index.php?rest_route=\/wp\/v2\/posts\/31652\/revisions"}],"predecessor-version":[{"id":31653,"href":"https:\/\/www.iam140.ca\/index.php?rest_route=\/wp\/v2\/posts\/31652\/revisions\/31653"}],"wp:featuredmedia":[{"embeddable":true,"href":"https:\/\/www.iam140.ca\/index.php?rest_route=\/wp\/v2\/media\/31651"}],"wp:attachment":[{"href":"https:\/\/www.iam140.ca\/index.php?rest_route=%2Fwp%2Fv2%2Fmedia&parent=31652"}],"wp:term":[{"taxonomy":"category","embeddable":true,"href":"https:\/\/www.iam140.ca\/index.php?rest_route=%2Fwp%2Fv2%2Fcategories&post=31652"},{"taxonomy":"post_tag","embeddable":true,"href":"https:\/\/www.iam140.ca\/index.php?rest_route=%2Fwp%2Fv2%2Ftags&post=31652"}],"curies":[{"name":"wp","href":"https:\/\/api.w.org\/{rel}","templated":true}]}}